{"id":24889,"date":"2026-09-05T12:13:05","date_gmt":"2026-09-05T15:13:05","guid":{"rendered":"https:\/\/www.bahiananoticias.com.br\/v1\/?p=24889"},"modified":"2026-09-05T12:13:05","modified_gmt":"2026-09-05T15:13:05","slug":"jeronimo-e-o-governador-do-povo-da-bahia-afirma-rosemberg-apos-comicio-lotar-praca-de-itapetinga","status":"publish","type":"post","link":"https:\/\/www.bahiananoticias.com.br\/v1\/2026\/09\/05\/jeronimo-e-o-governador-do-povo-da-bahia-afirma-rosemberg-apos-comicio-lotar-praca-de-itapetinga\/","title":{"rendered":"\u201cJer\u00f4nimo \u00e9 o governador do povo da Bahia\u201d, afirma Rosemberg, ap\u00f3s com\u00edcio lotar pra\u00e7a de Itapetinga"},"content":{"rendered":"<p><img decoding=\"async\" loading=\"lazy\" src=\"http:\/\/www.bahiananoticias.com.br\/v1\/wp-content\/uploads\/2026\/09\/WhatsApp-Image-2026-09-05-at-11.12.16.jpeg\" alt=\"\" width=\"600\" height=\"400\" class=\"alignnone size-full wp-image-24890\" srcset=\"https:\/\/www.bahiananoticias.com.br\/v1\/wp-content\/uploads\/2026\/09\/WhatsApp-Image-2026-09-05-at-11.12.16.jpeg 600w, https:\/\/www.bahiananoticias.com.br\/v1\/wp-content\/uploads\/2026\/09\/WhatsApp-Image-2026-09-05-at-11.12.16-300x200.jpeg 300w\" sizes=\"(max-width: 600px) 100vw, 600px\" \/><\/p>\n<p>Deputado estadual mais votado do M\u00e9dio Sudoeste da Bahia nas elei\u00e7\u00f5es de 2022, Rosemberg Pinto (PT), candidato a renovar seu mantado no pleito de outubro pr\u00f3ximo, considerou \u201cextraordin\u00e1ria\u201d a manifesta\u00e7\u00e3o p\u00fablica da popula\u00e7\u00e3o de Itapetinga e das caravanas das outras 12 cidades que formam o Territ\u00f3rio de Identidade durante com\u00edcio, na noite desta sexta-feira (4), com a presen\u00e7a do governador Jer\u00f4nimo Rodrigues, e dos candidatos ao Senado, Jaques Wagner e Rui Costa. <\/p>\n<p>\u201cJer\u00f4nimo d\u00e1 uma demonstra\u00e7\u00e3o que \u00e9 o governador do povo da Bahia. Depois de uma grande manifesta\u00e7\u00e3o em Itabuna, com uma participa\u00e7\u00e3o de mais 20 mil pessoas, em Itapetinga tamb\u00e9m chegamos nessa contagem, em uma pra\u00e7a considera uma das maiores do estado, que ficou lotada\u201d, afirmou o Rosemberg. <\/p>\n<p><img decoding=\"async\" loading=\"lazy\" src=\"http:\/\/www.bahiananoticias.com.br\/v1\/wp-content\/uploads\/2026\/09\/WhatsApp-Image-2026-09-05-at-11.12.17.jpeg\" alt=\"\" width=\"600\" height=\"450\" class=\"alignnone size-full wp-image-24891\" srcset=\"https:\/\/www.bahiananoticias.com.br\/v1\/wp-content\/uploads\/2026\/09\/WhatsApp-Image-2026-09-05-at-11.12.17.jpeg 600w, https:\/\/www.bahiananoticias.com.br\/v1\/wp-content\/uploads\/2026\/09\/WhatsApp-Image-2026-09-05-at-11.12.17-300x225.jpeg 300w\" sizes=\"(max-width: 600px) 100vw, 600px\" \/><\/p>\n<p>O postulante petista, que iniciou sua caminhada pol\u00edtica em Itoror\u00f3, sua terra natal e munic\u00edpio pertencente \u00e0 regi\u00e3o, afirmou ainda que a \u201cgrande manifesta\u00e7\u00e3o p\u00fablica\u201d de apoio ao Time do 13 e aos deputados federais e estaduais colocar\u00e1 Itapetinga, a Capital da Pecu\u00e1ria na Bahia, de volta ao protagonismo no M\u00e9dio Sudoeste baiano. <\/p>\n<p>\u201cO prefeito Eduardo Hagge assumiu o protagonismo de coordenar a campanha do governador junto com a prefeita [de Macarani] Selma Souto na regi\u00e3o, um dos eventos pol\u00edticos mais extraordin\u00e1rios que j\u00e1 participei na cidade de Itapetinga\u201d, parabenizou.<\/p>\n","protected":false},"excerpt":{"rendered":"<p>Deputado estadual mais votado do M\u00e9dio Sudoeste da Bahia nas elei\u00e7\u00f5es de 2022, Rosemberg Pinto (PT), candidato a renovar seu mantado no pleito de outubro pr\u00f3ximo, considerou \u201cextraordin\u00e1ria\u201d a manifesta\u00e7\u00e3o p\u00fablica da popula\u00e7\u00e3o de Itapetinga e das caravanas das outras 12 cidades que formam o Territ\u00f3rio de Identidade durante com\u00edcio, na noite desta sexta-feira (4), [&hellip;]<\/p>\n","protected":false},"author":2,"featured_media":24890,"comment_status":"closed","ping_status":"closed","sticky":false,"template":"","format":"standard","meta":{"_links_to":"","_links_to_target":""},"categories":[11,9],"tags":[],"views":15,"_links":{"self":[{"href":"https:\/\/www.bahiananoticias.com.br\/v1\/wp-json\/wp\/v2\/posts\/24889"}],"collection":[{"href":"https:\/\/www.bahiananoticias.com.br\/v1\/wp-json\/wp\/v2\/posts"}],"about":[{"href":"https:\/\/www.bahiananoticias.com.br\/v1\/wp-json\/wp\/v2\/types\/post"}],"author":[{"embeddable":true,"href":"https:\/\/www.bahiananoticias.com.br\/v1\/wp-json\/wp\/v2\/users\/2"}],"replies":[{"embeddable":true,"href":"https:\/\/www.bahiananoticias.com.br\/v1\/wp-json\/wp\/v2\/comments?post=24889"}],"version-history":[{"count":1,"href":"https:\/\/www.bahiananoticias.com.br\/v1\/wp-json\/wp\/v2\/posts\/24889\/revisions"}],"predecessor-version":[{"id":24896,"href":"https:\/\/www.bahiananoticias.com.br\/v1\/wp-json\/wp\/v2\/posts\/24889\/revisions\/24896"}],"wp:featuredmedia":[{"embeddable":true,"href":"https:\/\/www.bahiananoticias.com.br\/v1\/wp-json\/wp\/v2\/media\/24890"}],"wp:attachment":[{"href":"https:\/\/www.bahiananoticias.com.br\/v1\/wp-json\/wp\/v2\/media?parent=24889"}],"wp:term":[{"taxonomy":"category","embeddable":true,"href":"https:\/\/www.bahiananoticias.com.br\/v1\/wp-json\/wp\/v2\/categories?post=24889"},{"taxonomy":"post_tag","embeddable":true,"href":"https:\/\/www.bahiananoticias.com.br\/v1\/wp-json\/wp\/v2\/tags?post=24889"}],"curies":[{"name":"wp","href":"https:\/\/api.w.org\/{rel}","templated":true}]}}