{"id":24888,"date":"2026-09-05T12:14:52","date_gmt":"2026-09-05T15:14:52","guid":{"rendered":"https:\/\/www.bahiananoticias.com.br\/v1\/?p=24888"},"modified":"2026-09-05T12:14:52","modified_gmt":"2026-09-05T15:14:52","slug":"bebeto-inaugura-comite-em-itabuna-e-participa-de-caminhada-com-jeronimo-rui-e-wagner","status":"publish","type":"post","link":"https:\/\/www.bahiananoticias.com.br\/v1\/2026\/09\/05\/bebeto-inaugura-comite-em-itabuna-e-participa-de-caminhada-com-jeronimo-rui-e-wagner\/","title":{"rendered":"Bebeto inaugura comit\u00ea em Itabuna e participa de caminhada com Jer\u00f4nimo, Rui e Wagner"},"content":{"rendered":"<p><img decoding=\"async\" loading=\"lazy\" src=\"http:\/\/www.bahiananoticias.com.br\/v1\/wp-content\/uploads\/2026\/09\/WhatsApp-Image-2026-09-05-at-12.11.23-1.jpeg\" alt=\"\" width=\"600\" height=\"453\" class=\"alignnone size-full wp-image-24898\" srcset=\"https:\/\/www.bahiananoticias.com.br\/v1\/wp-content\/uploads\/2026\/09\/WhatsApp-Image-2026-09-05-at-12.11.23-1.jpeg 600w, https:\/\/www.bahiananoticias.com.br\/v1\/wp-content\/uploads\/2026\/09\/WhatsApp-Image-2026-09-05-at-12.11.23-1-300x227.jpeg 300w\" sizes=\"(max-width: 600px) 100vw, 600px\" \/><\/p>\n<p>O candidato a deputado federal Bebeto participou, nesta sexta-feira (4), de uma caminhada ao lado do governador e candidato \u00e0 reelei\u00e7\u00e3o, Jer\u00f4nimo Rodrigues, dos candidatos ao Senado Rui Costa e Jaques Wagner, e do candidato a deputado estadual Gazo. A comitiva percorreu os munic\u00edpios de Uru\u00e7uca e Itabuna, evidenciando a for\u00e7a do projeto pol\u00edtico liderado pelo presidente Lula.<\/p>\n<p>Em Uru\u00e7uca, a mobiliza\u00e7\u00e3o contou com forte presen\u00e7a da base aliada local. A prefeita Magn\u00f3lia Barreto, o vice-prefeito Alessandro Lebr\u00e3o, vereadores e lideran\u00e7as pol\u00edticas acompanharam o ato, refor\u00e7ando a unidade do grupo no munic\u00edpio. Para Bebeto, a participa\u00e7\u00e3o popular demonstra a confian\u00e7a no projeto que vem sendo constru\u00eddo.<\/p>\n<p>\u201cN\u00e3o \u00e9 um ato pol\u00edtico que leva as pessoas a sa\u00edrem de suas casas. \u00c9 a esperan\u00e7a, \u00e9 a confian\u00e7a, \u00e9 o reconhecimento de um trabalho feito com seriedade. Isso \u00e9 a for\u00e7a do povo. \u00c9 o povo dizendo que n\u00e3o aceita retrocesso. Itabuna e o Sul da Bahia querem seguir avan\u00e7ando\u201d, ressaltou. <\/p>\n<p><img decoding=\"async\" loading=\"lazy\" src=\"http:\/\/www.bahiananoticias.com.br\/v1\/wp-content\/uploads\/2026\/09\/WhatsApp-Image-2026-09-05-at-12.11.48-1.jpeg\" alt=\"\" width=\"600\" height=\"398\" class=\"alignnone size-full wp-image-24899\" srcset=\"https:\/\/www.bahiananoticias.com.br\/v1\/wp-content\/uploads\/2026\/09\/WhatsApp-Image-2026-09-05-at-12.11.48-1.jpeg 600w, https:\/\/www.bahiananoticias.com.br\/v1\/wp-content\/uploads\/2026\/09\/WhatsApp-Image-2026-09-05-at-12.11.48-1-300x199.jpeg 300w\" sizes=\"(max-width: 600px) 100vw, 600px\" \/><\/p>\n<p>Al\u00e9m de participar da caminhada da chapa majorit\u00e1ria, Bebeto inaugurou oficialmente seu comit\u00ea de campanha em Itabuna. O espa\u00e7o ser\u00e1 um ponto de encontro para apoiadores e tamb\u00e9m um local para o di\u00e1logo com a popula\u00e7\u00e3o e a apresenta\u00e7\u00e3o de propostas voltadas ao desenvolvimento da regi\u00e3o. \u201cBebeto tem servi\u00e7o prestado e agora, mais do que nunca, precisamos dessa atua\u00e7\u00e3o no Congresso Nacional. Uma regi\u00e3o s\u00f3 tem for\u00e7a quando algu\u00e9m luta por ela\u201d, declarou Jo\u00e3o Aquino, um dos apoiadores presentes no evento. <\/p>\n<p>Durante seu mandato na C\u00e2mara dos Deputados, Bebeto destinou mais de R$ 1 milh\u00e3o em emendas para a sa\u00fade de Itabuna, com foco nos servi\u00e7os de m\u00e9dia e alta complexidade. O candidato tamb\u00e9m viabilizou recursos para a constru\u00e7\u00e3o da passarela Carlito do Sarinha, conhecida como Passarela da Ilha do Jegue, inaugurada em 2018, e para a Universidade Federal do Sul da Bahia (UFSB), em 2017.<\/p>\n","protected":false},"excerpt":{"rendered":"<p>O candidato a deputado federal Bebeto participou, nesta sexta-feira (4), de uma caminhada ao lado do governador e candidato \u00e0 reelei\u00e7\u00e3o, Jer\u00f4nimo Rodrigues, dos candidatos ao Senado Rui Costa e Jaques Wagner, e do candidato a deputado estadual Gazo. A comitiva percorreu os munic\u00edpios de Uru\u00e7uca e Itabuna, evidenciando a for\u00e7a do projeto pol\u00edtico liderado [&hellip;]<\/p>\n","protected":false},"author":2,"featured_media":24895,"comment_status":"closed","ping_status":"closed","sticky":false,"template":"","format":"standard","meta":{"_links_to":"","_links_to_target":""},"categories":[11,9,5],"tags":[],"views":11,"_links":{"self":[{"href":"https:\/\/www.bahiananoticias.com.br\/v1\/wp-json\/wp\/v2\/posts\/24888"}],"collection":[{"href":"https:\/\/www.bahiananoticias.com.br\/v1\/wp-json\/wp\/v2\/posts"}],"about":[{"href":"https:\/\/www.bahiananoticias.com.br\/v1\/wp-json\/wp\/v2\/types\/post"}],"author":[{"embeddable":true,"href":"https:\/\/www.bahiananoticias.com.br\/v1\/wp-json\/wp\/v2\/users\/2"}],"replies":[{"embeddable":true,"href":"https:\/\/www.bahiananoticias.com.br\/v1\/wp-json\/wp\/v2\/comments?post=24888"}],"version-history":[{"count":1,"href":"https:\/\/www.bahiananoticias.com.br\/v1\/wp-json\/wp\/v2\/posts\/24888\/revisions"}],"predecessor-version":[{"id":24900,"href":"https:\/\/www.bahiananoticias.com.br\/v1\/wp-json\/wp\/v2\/posts\/24888\/revisions\/24900"}],"wp:featuredmedia":[{"embeddable":true,"href":"https:\/\/www.bahiananoticias.com.br\/v1\/wp-json\/wp\/v2\/media\/24895"}],"wp:attachment":[{"href":"https:\/\/www.bahiananoticias.com.br\/v1\/wp-json\/wp\/v2\/media?parent=24888"}],"wp:term":[{"taxonomy":"category","embeddable":true,"href":"https:\/\/www.bahiananoticias.com.br\/v1\/wp-json\/wp\/v2\/categories?post=24888"},{"taxonomy":"post_tag","embeddable":true,"href":"https:\/\/www.bahiananoticias.com.br\/v1\/wp-json\/wp\/v2\/tags?post=24888"}],"curies":[{"name":"wp","href":"https:\/\/api.w.org\/{rel}","templated":true}]}}