{"id":24869,"date":"2026-09-04T10:04:53","date_gmt":"2026-09-04T13:04:53","guid":{"rendered":"https:\/\/www.bahiananoticias.com.br\/v1\/?p=24869"},"modified":"2026-09-04T10:04:53","modified_gmt":"2026-09-04T13:04:53","slug":"pesquisa-atlasintel-a-tarde-aponta-avaliacao-positiva-de-lula-jeronimo-rui-costa-e-wagner-na-bahia","status":"publish","type":"post","link":"https:\/\/www.bahiananoticias.com.br\/v1\/2026\/09\/04\/pesquisa-atlasintel-a-tarde-aponta-avaliacao-positiva-de-lula-jeronimo-rui-costa-e-wagner-na-bahia\/","title":{"rendered":"Pesquisa AtlasIntel\/A TARDE aponta avalia\u00e7\u00e3o positiva de Lula, Jer\u00f4nimo, Rui Costa e Wagner na Bahia"},"content":{"rendered":"<p><img decoding=\"async\" loading=\"lazy\" src=\"http:\/\/www.bahiananoticias.com.br\/v1\/wp-content\/uploads\/2026\/09\/WhatsApp-Image-2026-09-04-at-10.03.51.jpeg\" alt=\"\" width=\"600\" height=\"393\" class=\"alignnone size-full wp-image-24870\" srcset=\"https:\/\/www.bahiananoticias.com.br\/v1\/wp-content\/uploads\/2026\/09\/WhatsApp-Image-2026-09-04-at-10.03.51.jpeg 600w, https:\/\/www.bahiananoticias.com.br\/v1\/wp-content\/uploads\/2026\/09\/WhatsApp-Image-2026-09-04-at-10.03.51-300x197.jpeg 300w\" sizes=\"(max-width: 600px) 100vw, 600px\" \/><\/p>\n<p>Pesquisa AtlasIntel\/A TARDE revela avalia\u00e7\u00e3o positiva do presidente Luiz In\u00e1cio Lula da Silva (PT), do governador Jer\u00f4nimo Rodrigues (PT) e dos candidatos ao Senado Jaques Wagner (PT) e Rui Costa (PT) entre os eleitores da Bahia.<\/p>\n<p>Lula aparece com 57% de imagem positiva entre os entrevistados. O mesmo percentual \u00e9 registrado por Rui Costa, ex-governador da Bahia e ex-ministro da Casa Civil, que tamb\u00e9m alcan\u00e7a 57% de avalia\u00e7\u00e3o positiva.<\/p>\n<p>Na sequ\u00eancia, o governador Jer\u00f4nimo Rodrigues aparece com 48% de imagem positiva, enquanto o senador Jaques Wagner registra 45% de avalia\u00e7\u00e3o favor\u00e1vel.<\/p>\n<p>O levantamento ouviu 1.804 eleitores em todo o estado da Bahia entre os dias 28 de agosto e 2 de setembro. A pesquisa foi realizada por meio de recrutamento digital e possui margem de erro de dois pontos percentuais, para mais ou para menos, com n\u00edvel de confian\u00e7a de 95%.<\/p>\n<p>O levantamento estadual est\u00e1 registrado na Justi\u00e7a Eleitoral sob o n\u00famero BA-08891\/2026.<\/p>\n","protected":false},"excerpt":{"rendered":"<p>Pesquisa AtlasIntel\/A TARDE revela avalia\u00e7\u00e3o positiva do presidente Luiz In\u00e1cio Lula da Silva (PT), do governador Jer\u00f4nimo Rodrigues (PT) e dos candidatos ao Senado Jaques Wagner (PT) e Rui Costa (PT) entre os eleitores da Bahia. Lula aparece com 57% de imagem positiva entre os entrevistados. O mesmo percentual \u00e9 registrado por Rui Costa, ex-governador [&hellip;]<\/p>\n","protected":false},"author":2,"featured_media":24870,"comment_status":"closed","ping_status":"closed","sticky":false,"template":"","format":"standard","meta":{"_links_to":"","_links_to_target":""},"categories":[11,9],"tags":[],"views":13,"_links":{"self":[{"href":"https:\/\/www.bahiananoticias.com.br\/v1\/wp-json\/wp\/v2\/posts\/24869"}],"collection":[{"href":"https:\/\/www.bahiananoticias.com.br\/v1\/wp-json\/wp\/v2\/posts"}],"about":[{"href":"https:\/\/www.bahiananoticias.com.br\/v1\/wp-json\/wp\/v2\/types\/post"}],"author":[{"embeddable":true,"href":"https:\/\/www.bahiananoticias.com.br\/v1\/wp-json\/wp\/v2\/users\/2"}],"replies":[{"embeddable":true,"href":"https:\/\/www.bahiananoticias.com.br\/v1\/wp-json\/wp\/v2\/comments?post=24869"}],"version-history":[{"count":1,"href":"https:\/\/www.bahiananoticias.com.br\/v1\/wp-json\/wp\/v2\/posts\/24869\/revisions"}],"predecessor-version":[{"id":24871,"href":"https:\/\/www.bahiananoticias.com.br\/v1\/wp-json\/wp\/v2\/posts\/24869\/revisions\/24871"}],"wp:featuredmedia":[{"embeddable":true,"href":"https:\/\/www.bahiananoticias.com.br\/v1\/wp-json\/wp\/v2\/media\/24870"}],"wp:attachment":[{"href":"https:\/\/www.bahiananoticias.com.br\/v1\/wp-json\/wp\/v2\/media?parent=24869"}],"wp:term":[{"taxonomy":"category","embeddable":true,"href":"https:\/\/www.bahiananoticias.com.br\/v1\/wp-json\/wp\/v2\/categories?post=24869"},{"taxonomy":"post_tag","embeddable":true,"href":"https:\/\/www.bahiananoticias.com.br\/v1\/wp-json\/wp\/v2\/tags?post=24869"}],"curies":[{"name":"wp","href":"https:\/\/api.w.org\/{rel}","templated":true}]}}