{"id":24856,"date":"2026-09-02T17:22:29","date_gmt":"2026-09-02T20:22:29","guid":{"rendered":"https:\/\/www.bahiananoticias.com.br\/v1\/?p=24856"},"modified":"2026-09-02T17:22:29","modified_gmt":"2026-09-02T20:22:29","slug":"quaest-aponta-lula-na-lideranca-e-flavio-bolsonaro-em-segundo-na-corrida-presidencial","status":"publish","type":"post","link":"https:\/\/www.bahiananoticias.com.br\/v1\/2026\/09\/02\/quaest-aponta-lula-na-lideranca-e-flavio-bolsonaro-em-segundo-na-corrida-presidencial\/","title":{"rendered":"Quaest aponta Lula na lideran\u00e7a e Fl\u00e1vio Bolsonaro em segundo na corrida presidencial"},"content":{"rendered":"<p><img decoding=\"async\" loading=\"lazy\" src=\"http:\/\/www.bahiananoticias.com.br\/v1\/wp-content\/uploads\/2026\/08\/WhatsApp-Image-2026-08-29-at-12.30.21.jpeg\" alt=\"\" width=\"583\" height=\"435\" class=\"alignnone size-full wp-image-24805\" srcset=\"https:\/\/www.bahiananoticias.com.br\/v1\/wp-content\/uploads\/2026\/08\/WhatsApp-Image-2026-08-29-at-12.30.21.jpeg 583w, https:\/\/www.bahiananoticias.com.br\/v1\/wp-content\/uploads\/2026\/08\/WhatsApp-Image-2026-08-29-at-12.30.21-300x224.jpeg 300w\" sizes=\"(max-width: 583px) 100vw, 583px\" \/><\/p>\n<p>Pesquisa Quaest divulgada nesta quarta-feira (2) mostra o cen\u00e1rio atual da disputa pela Presid\u00eancia da Rep\u00fablica. O levantamento, encomendado pelo jornal O Globo e pela Globo, coloca o presidente Luiz In\u00e1cio Lula da Silva (PT) na primeira posi\u00e7\u00e3o, com 37% das inten\u00e7\u00f5es de voto.<\/p>\n<p>Na sequ\u00eancia, aparece Fl\u00e1vio Bolsonaro (PL), que registra 29%. Augusto Cury (Avante) ocupa a terceira coloca\u00e7\u00e3o, com 10% das prefer\u00eancias. Renan Santos (Miss\u00e3o) soma 3%, enquanto Ronaldo Caiado (PSD) e Romeu Zema (Novo) aparecem com 1% cada.<\/p>\n<p>O levantamento ouviu 2.004 pessoas com 16 anos ou mais em todo o pa\u00eds, entre os dias 30 de agosto e 1\u00ba de setembro. A margem de erro \u00e9 de dois pontos percentuais, para mais ou para menos, e o n\u00edvel de confian\u00e7a \u00e9 de 95% e est\u00e1 registrada no Tribunal Superior Eleitoral sob o n\u00famero BR-07065\/2026.<\/p>\n","protected":false},"excerpt":{"rendered":"<p>Pesquisa Quaest divulgada nesta quarta-feira (2) mostra o cen\u00e1rio atual da disputa pela Presid\u00eancia da Rep\u00fablica. O levantamento, encomendado pelo jornal O Globo e pela Globo, coloca o presidente Luiz In\u00e1cio Lula da Silva (PT) na primeira posi\u00e7\u00e3o, com 37% das inten\u00e7\u00f5es de voto. Na sequ\u00eancia, aparece Fl\u00e1vio Bolsonaro (PL), que registra 29%. Augusto Cury [&hellip;]<\/p>\n","protected":false},"author":2,"featured_media":24805,"comment_status":"closed","ping_status":"closed","sticky":false,"template":"","format":"standard","meta":{"_links_to":"","_links_to_target":""},"categories":[11,9],"tags":[],"views":14,"_links":{"self":[{"href":"https:\/\/www.bahiananoticias.com.br\/v1\/wp-json\/wp\/v2\/posts\/24856"}],"collection":[{"href":"https:\/\/www.bahiananoticias.com.br\/v1\/wp-json\/wp\/v2\/posts"}],"about":[{"href":"https:\/\/www.bahiananoticias.com.br\/v1\/wp-json\/wp\/v2\/types\/post"}],"author":[{"embeddable":true,"href":"https:\/\/www.bahiananoticias.com.br\/v1\/wp-json\/wp\/v2\/users\/2"}],"replies":[{"embeddable":true,"href":"https:\/\/www.bahiananoticias.com.br\/v1\/wp-json\/wp\/v2\/comments?post=24856"}],"version-history":[{"count":1,"href":"https:\/\/www.bahiananoticias.com.br\/v1\/wp-json\/wp\/v2\/posts\/24856\/revisions"}],"predecessor-version":[{"id":24857,"href":"https:\/\/www.bahiananoticias.com.br\/v1\/wp-json\/wp\/v2\/posts\/24856\/revisions\/24857"}],"wp:featuredmedia":[{"embeddable":true,"href":"https:\/\/www.bahiananoticias.com.br\/v1\/wp-json\/wp\/v2\/media\/24805"}],"wp:attachment":[{"href":"https:\/\/www.bahiananoticias.com.br\/v1\/wp-json\/wp\/v2\/media?parent=24856"}],"wp:term":[{"taxonomy":"category","embeddable":true,"href":"https:\/\/www.bahiananoticias.com.br\/v1\/wp-json\/wp\/v2\/categories?post=24856"},{"taxonomy":"post_tag","embeddable":true,"href":"https:\/\/www.bahiananoticias.com.br\/v1\/wp-json\/wp\/v2\/tags?post=24856"}],"curies":[{"name":"wp","href":"https:\/\/api.w.org\/{rel}","templated":true}]}}