{"id":24839,"date":"2026-09-01T17:27:01","date_gmt":"2026-09-01T20:27:01","guid":{"rendered":"https:\/\/www.bahiananoticias.com.br\/v1\/?p=24839"},"modified":"2026-09-01T17:27:01","modified_gmt":"2026-09-01T20:27:01","slug":"bebeto-diz-que-governo-lula-e-capaz-de-incluir-a-maioria-da-nossa-gente","status":"publish","type":"post","link":"https:\/\/www.bahiananoticias.com.br\/v1\/2026\/09\/01\/bebeto-diz-que-governo-lula-e-capaz-de-incluir-a-maioria-da-nossa-gente\/","title":{"rendered":"Bebeto diz que \u2018governo Lula \u00e9 capaz de incluir a maioria da nossa gente\u2019"},"content":{"rendered":"<p><img decoding=\"async\" loading=\"lazy\" src=\"http:\/\/www.bahiananoticias.com.br\/v1\/wp-content\/uploads\/2026\/09\/WhatsApp-Image-2026-09-01-at-17.25.18.jpeg\" alt=\"\" width=\"370\" height=\"500\" class=\"alignnone size-full wp-image-24840\" srcset=\"https:\/\/www.bahiananoticias.com.br\/v1\/wp-content\/uploads\/2026\/09\/WhatsApp-Image-2026-09-01-at-17.25.18.jpeg 370w, https:\/\/www.bahiananoticias.com.br\/v1\/wp-content\/uploads\/2026\/09\/WhatsApp-Image-2026-09-01-at-17.25.18-222x300.jpeg 222w\" sizes=\"(max-width: 370px) 100vw, 370px\" \/><\/p>\n<p>O candidato a deputado federal Bebeto fez um discurso enf\u00e1tico na noite da \u00faltima segunda-feira (31), durante a inaugura\u00e7\u00e3o do Comit\u00ea do Time de Lula, instalado na Avenida Soares Lopes, em Ilh\u00e9us. Diante de apoiadores e militantes que ocuparam o espa\u00e7o, Bebeto defendeu o projeto pol\u00edtico do presidente Lula e a continuidade de um governo que, segundo ele, tem transformado a realidade da popula\u00e7\u00e3o baiana.<\/p>\n<p>Em sua fala, Bebeto foi categ\u00f3rico ao definir o que est\u00e1 verdadeiramente em disputa nas elei\u00e7\u00f5es deste ano. \u201cO que est\u00e1 em jogo \u00e9 o projeto de na\u00e7\u00e3o do qual o povo brasileiro fa\u00e7a parte. O projeto liderado pelo presidente Lula \u00e9 capaz de incluir a maioria da nossa gente, de garantir a autonomia deste pa\u00eds, defendendo a soberania e o desenvolvimento integrado da na\u00e7\u00e3o\u201d, afirmou o candidato, que tamb\u00e9m integrou o Conselh\u00e3o de Lula.<\/p>\n<p>A educa\u00e7\u00e3o esteve entre os principais pontos da fala de Bebeto, com destaque para os avan\u00e7os promovidos pelo governo federal, especialmente na Bahia. \u201cN\u00f3s estamos ao lado de algu\u00e9m que compreende que a educa\u00e7\u00e3o \u00e9 a centralidade de qualquer pa\u00eds. N\u00f3s temos mais de 37 institutos federais na Bahia e oito em constru\u00e7\u00e3o. O acesso da nossa juventude \u00e0 educa\u00e7\u00e3o t\u00e9cnica e superior tem sido determinante para romper ciclos hist\u00f3ricos de pobreza nas fam\u00edlias\u201d, reiterou.<\/p>\n<p>Bebeto alinhou sua candidatura ao fortalecimento da representa\u00e7\u00e3o pol\u00edtica do sul do estado, defendendo que a regi\u00e3o precisa de uma voz que conhe\u00e7a sua realidade e as demandas das comunidades locais. \u201cPara transformar, \u00e9 preciso unir. \u00c9 preciso ouvir. \u00c9 preciso estar presente\u201d, concluiu.<\/p>\n<p>Para mais informa\u00e7\u00f5es, acesse: https:\/\/bebetogalvao.com.br\/noticias\/<\/p>\n","protected":false},"excerpt":{"rendered":"<p>O candidato a deputado federal Bebeto fez um discurso enf\u00e1tico na noite da \u00faltima segunda-feira (31), durante a inaugura\u00e7\u00e3o do Comit\u00ea do Time de Lula, instalado na Avenida Soares Lopes, em Ilh\u00e9us. Diante de apoiadores e militantes que ocuparam o espa\u00e7o, Bebeto defendeu o projeto pol\u00edtico do presidente Lula e a continuidade de um governo [&hellip;]<\/p>\n","protected":false},"author":2,"featured_media":24840,"comment_status":"closed","ping_status":"closed","sticky":false,"template":"","format":"standard","meta":{"_links_to":"","_links_to_target":""},"categories":[11,9,4],"tags":[],"views":10,"_links":{"self":[{"href":"https:\/\/www.bahiananoticias.com.br\/v1\/wp-json\/wp\/v2\/posts\/24839"}],"collection":[{"href":"https:\/\/www.bahiananoticias.com.br\/v1\/wp-json\/wp\/v2\/posts"}],"about":[{"href":"https:\/\/www.bahiananoticias.com.br\/v1\/wp-json\/wp\/v2\/types\/post"}],"author":[{"embeddable":true,"href":"https:\/\/www.bahiananoticias.com.br\/v1\/wp-json\/wp\/v2\/users\/2"}],"replies":[{"embeddable":true,"href":"https:\/\/www.bahiananoticias.com.br\/v1\/wp-json\/wp\/v2\/comments?post=24839"}],"version-history":[{"count":1,"href":"https:\/\/www.bahiananoticias.com.br\/v1\/wp-json\/wp\/v2\/posts\/24839\/revisions"}],"predecessor-version":[{"id":24841,"href":"https:\/\/www.bahiananoticias.com.br\/v1\/wp-json\/wp\/v2\/posts\/24839\/revisions\/24841"}],"wp:featuredmedia":[{"embeddable":true,"href":"https:\/\/www.bahiananoticias.com.br\/v1\/wp-json\/wp\/v2\/media\/24840"}],"wp:attachment":[{"href":"https:\/\/www.bahiananoticias.com.br\/v1\/wp-json\/wp\/v2\/media?parent=24839"}],"wp:term":[{"taxonomy":"category","embeddable":true,"href":"https:\/\/www.bahiananoticias.com.br\/v1\/wp-json\/wp\/v2\/categories?post=24839"},{"taxonomy":"post_tag","embeddable":true,"href":"https:\/\/www.bahiananoticias.com.br\/v1\/wp-json\/wp\/v2\/tags?post=24839"}],"curies":[{"name":"wp","href":"https:\/\/api.w.org\/{rel}","templated":true}]}}