{"id":24836,"date":"2026-09-01T09:33:48","date_gmt":"2026-09-01T12:33:48","guid":{"rendered":"https:\/\/www.bahiananoticias.com.br\/v1\/?p=24836"},"modified":"2026-09-01T09:33:48","modified_gmt":"2026-09-01T12:33:48","slug":"tse-suspende-candidatura-de-renan-santos-a-presidencia-da-republica","status":"publish","type":"post","link":"https:\/\/www.bahiananoticias.com.br\/v1\/2026\/09\/01\/tse-suspende-candidatura-de-renan-santos-a-presidencia-da-republica\/","title":{"rendered":"TSE suspende candidatura de Renan Santos \u00e0 Presid\u00eancia da Rep\u00fablica"},"content":{"rendered":"<p><img decoding=\"async\" loading=\"lazy\" src=\"http:\/\/www.bahiananoticias.com.br\/v1\/wp-content\/uploads\/2026\/09\/02ebe31d-750f-4335-b7fb-adb93061ea08.jpeg\" alt=\"\" width=\"600\" height=\"349\" class=\"alignnone size-full wp-image-24837\" srcset=\"https:\/\/www.bahiananoticias.com.br\/v1\/wp-content\/uploads\/2026\/09\/02ebe31d-750f-4335-b7fb-adb93061ea08.jpeg 600w, https:\/\/www.bahiananoticias.com.br\/v1\/wp-content\/uploads\/2026\/09\/02ebe31d-750f-4335-b7fb-adb93061ea08-300x175.jpeg 300w\" sizes=\"(max-width: 600px) 100vw, 600px\" \/><\/p>\n<p>O ministro Dias Toffoli, do Tribunal Superior Eleitoral, determinou a suspens\u00e3o da candidatura de Renan Santos \u00e0 Presid\u00eancia da Rep\u00fablica, bem como a de seu vice, Aroldo<br \/>\nMedina. A decis\u00e3o, tomada no domingo (30) e divulgada na segunda-feira (31), impede a chapa de realizar propaganda online, participar de debates e acessar recursos do Fundo Especial de Financiamento de Campanha (FEFC).<\/p>\n<p>A medida foi adotada dois dias ap\u00f3s o ministro retirar da pauta o processo de registro da candidatura. Segundo Toffoli, houve irregularidades relacionadas \u00e0 n\u00e3o inclus\u00e3o, dentro do prazo, de perfis em redes sociais j\u00e1 utilizados para fins eleitorais ao todo, 16 contas teriam sido informadas de forma tardia.<\/p>\n<p>O pedido de registro havia sido protocolado na Justi\u00e7a Eleitoral em 7 de agosto. No entanto, os perfis digitais s\u00f3 foram comunicados em 19 de agosto, por meio de uma peti\u00e7\u00e3o complementar.<br \/>\nNo total, a chapa declarou 18 contas \u00e0 Justi\u00e7a.<\/p>\n","protected":false},"excerpt":{"rendered":"<p>O ministro Dias Toffoli, do Tribunal Superior Eleitoral, determinou a suspens\u00e3o da candidatura de Renan Santos \u00e0 Presid\u00eancia da Rep\u00fablica, bem como a de seu vice, Aroldo Medina. A decis\u00e3o, tomada no domingo (30) e divulgada na segunda-feira (31), impede a chapa de realizar propaganda online, participar de debates e acessar recursos do Fundo Especial [&hellip;]<\/p>\n","protected":false},"author":2,"featured_media":24837,"comment_status":"closed","ping_status":"closed","sticky":false,"template":"","format":"standard","meta":{"_links_to":"","_links_to_target":""},"categories":[11],"tags":[],"views":12,"_links":{"self":[{"href":"https:\/\/www.bahiananoticias.com.br\/v1\/wp-json\/wp\/v2\/posts\/24836"}],"collection":[{"href":"https:\/\/www.bahiananoticias.com.br\/v1\/wp-json\/wp\/v2\/posts"}],"about":[{"href":"https:\/\/www.bahiananoticias.com.br\/v1\/wp-json\/wp\/v2\/types\/post"}],"author":[{"embeddable":true,"href":"https:\/\/www.bahiananoticias.com.br\/v1\/wp-json\/wp\/v2\/users\/2"}],"replies":[{"embeddable":true,"href":"https:\/\/www.bahiananoticias.com.br\/v1\/wp-json\/wp\/v2\/comments?post=24836"}],"version-history":[{"count":1,"href":"https:\/\/www.bahiananoticias.com.br\/v1\/wp-json\/wp\/v2\/posts\/24836\/revisions"}],"predecessor-version":[{"id":24838,"href":"https:\/\/www.bahiananoticias.com.br\/v1\/wp-json\/wp\/v2\/posts\/24836\/revisions\/24838"}],"wp:featuredmedia":[{"embeddable":true,"href":"https:\/\/www.bahiananoticias.com.br\/v1\/wp-json\/wp\/v2\/media\/24837"}],"wp:attachment":[{"href":"https:\/\/www.bahiananoticias.com.br\/v1\/wp-json\/wp\/v2\/media?parent=24836"}],"wp:term":[{"taxonomy":"category","embeddable":true,"href":"https:\/\/www.bahiananoticias.com.br\/v1\/wp-json\/wp\/v2\/categories?post=24836"},{"taxonomy":"post_tag","embeddable":true,"href":"https:\/\/www.bahiananoticias.com.br\/v1\/wp-json\/wp\/v2\/tags?post=24836"}],"curies":[{"name":"wp","href":"https:\/\/api.w.org\/{rel}","templated":true}]}}