{"id":24826,"date":"2026-08-31T10:42:11","date_gmt":"2026-08-31T13:42:11","guid":{"rendered":"https:\/\/www.bahiananoticias.com.br\/v1\/?p=24826"},"modified":"2026-08-31T10:42:11","modified_gmt":"2026-08-31T13:42:11","slug":"tre-ba-conquista-pontuacao-maxima-no-ranking-da-transparencia-do-poder-judiciario-2026","status":"publish","type":"post","link":"https:\/\/www.bahiananoticias.com.br\/v1\/2026\/08\/31\/tre-ba-conquista-pontuacao-maxima-no-ranking-da-transparencia-do-poder-judiciario-2026\/","title":{"rendered":"TRE-BA conquista pontua\u00e7\u00e3o m\u00e1xima no Ranking da Transpar\u00eancia do Poder Judici\u00e1rio 2026"},"content":{"rendered":"<p><img decoding=\"async\" loading=\"lazy\" src=\"http:\/\/www.bahiananoticias.com.br\/v1\/wp-content\/uploads\/2026\/08\/xc.jpeg\" alt=\"\" width=\"540\" height=\"260\" class=\"alignnone size-full wp-image-24827\" srcset=\"https:\/\/www.bahiananoticias.com.br\/v1\/wp-content\/uploads\/2026\/08\/xc.jpeg 540w, https:\/\/www.bahiananoticias.com.br\/v1\/wp-content\/uploads\/2026\/08\/xc-300x144.jpeg 300w\" sizes=\"(max-width: 540px) 100vw, 540px\" \/><\/p>\n<p>O Tribunal Regional Eleitoral da Bahia (TRE-BA) conquistou a pontua\u00e7\u00e3o m\u00e1xima no Ranking da Transpar\u00eancia do Poder Judici\u00e1rio 2026. A certifica\u00e7\u00e3o pelo desempenho do Regional baiano ocorreu nesta segunda-feira (24\/8), em Bras\u00edlia, durante a 2\u00aa Reuni\u00e3o Preparat\u00f3ria para o 20\u00ba Encontro Nacional do Poder Judici\u00e1rio (ENPJ), realizada na sede do Tribunal Superior Eleitoral (TSE).<\/p>\n<p>Na ocasi\u00e3o, o TRE-BA foi reconhecido entre os tribunais eleitorais que cumpriram integralmente os itens avaliados no Ranking. A avalia\u00e7\u00e3o \u00e9 baseada em 83 quest\u00f5es relacionadas aos temas de Gest\u00e3o; Audi\u00eancias e Sess\u00f5es; Servi\u00e7os de Informa\u00e7\u00f5es ao Cidad\u00e3o (SIC); Ouvidoria; Tecnologia da Informa\u00e7\u00e3o e Comunica\u00e7\u00e3o (TIC); Gest\u00e3o Or\u00e7ament\u00e1ria e Financeira; Licita\u00e7\u00f5es, Contratos e Instrumentos de Coopera\u00e7\u00e3o; Gest\u00e3o de Pessoas; Auditoria e Presta\u00e7\u00e3o de Contas; Sustentabilidade; e Acessibilidade.<br \/>\n<strong><br \/>\nConfira o aqui ranking<\/strong><\/p>\n<p>Para o Presidente do TRE-BA, desembargador Maur\u00edcio Kertzman Szporer, a certifica\u00e7\u00e3o evidencia o empenho do Tribunal em garantir transpar\u00eancia e facilitar o acesso \u00e0 informa\u00e7\u00e3o. \u201cEsse reconhecimento \u00e9 resultado do trabalho conjunto de diversas \u00e1reas do TRE-BA. Al\u00e9m disso, \u00e9 uma conquista que nos estimula a aperfei\u00e7oar continuamente nossas pr\u00e1ticas\u201d, destacou.<\/p>\n<p>O Ranking, institu\u00eddo pela Resolu\u00e7\u00e3o CNJ n. 260\/2018, \u00e9 realizado anualmente e tem por objetivo estimular os \u00f3rg\u00e3os do Poder Judici\u00e1rio a disponibilizarem informa\u00e7\u00f5es \u00e0 sociedade de forma mais clara e padronizada, ampliando a transpar\u00eancia e facilitando o acesso aos dados.<\/p>\n<p><strong>Reuni\u00e3o Preparat\u00f3ria<\/strong><\/p>\n<p>A 2\u00aa Reuni\u00e3o Preparat\u00f3ria para o 20\u00ba Encontro Nacional do Poder Judici\u00e1rio teve como objetivo debater pol\u00edticas e programas em execu\u00e7\u00e3o no Poder Judici\u00e1rio e acompanhar o desenvolvimento da Estrat\u00e9gia Nacional 2021-2026. A reuni\u00e3o teve participa\u00e7\u00e3o de presidentes de tribunais, representantes da Rede de Governan\u00e7a Colaborativa do Poder Judici\u00e1rio, respons\u00e1veis pelas \u00e1reas de gest\u00e3o estrat\u00e9gica e servidores da \u00e1rea de estat\u00edstica.<\/p>\n<p>Segundo a diretora-geral do TRE-BA, Mirella Cunha, a participa\u00e7\u00e3o do Tribunal nas discuss\u00f5es nacionais contribui para o alinhamento da Justi\u00e7a Eleitoral \u00e0s diretrizes estrat\u00e9gicas do Poder Judici\u00e1rio. \u201cA participa\u00e7\u00e3o do Tribunal neste espa\u00e7o de di\u00e1logo \u00e9 fundamental para acompanharmos a constru\u00e7\u00e3o das metas nacionais e contribuirmos, a partir da experi\u00eancia da Justi\u00e7a Eleitoral baiana, para o aperfei\u00e7oamento da gest\u00e3o \u201d, ressaltou.<\/p>\n","protected":false},"excerpt":{"rendered":"<p>O Tribunal Regional Eleitoral da Bahia (TRE-BA) conquistou a pontua\u00e7\u00e3o m\u00e1xima no Ranking da Transpar\u00eancia do Poder Judici\u00e1rio 2026. A certifica\u00e7\u00e3o pelo desempenho do Regional baiano ocorreu nesta segunda-feira (24\/8), em Bras\u00edlia, durante a 2\u00aa Reuni\u00e3o Preparat\u00f3ria para o 20\u00ba Encontro Nacional do Poder Judici\u00e1rio (ENPJ), realizada na sede do Tribunal Superior Eleitoral (TSE). Na [&hellip;]<\/p>\n","protected":false},"author":2,"featured_media":24827,"comment_status":"closed","ping_status":"closed","sticky":false,"template":"","format":"standard","meta":{"_links_to":"","_links_to_target":""},"categories":[11,9],"tags":[],"views":22,"_links":{"self":[{"href":"https:\/\/www.bahiananoticias.com.br\/v1\/wp-json\/wp\/v2\/posts\/24826"}],"collection":[{"href":"https:\/\/www.bahiananoticias.com.br\/v1\/wp-json\/wp\/v2\/posts"}],"about":[{"href":"https:\/\/www.bahiananoticias.com.br\/v1\/wp-json\/wp\/v2\/types\/post"}],"author":[{"embeddable":true,"href":"https:\/\/www.bahiananoticias.com.br\/v1\/wp-json\/wp\/v2\/users\/2"}],"replies":[{"embeddable":true,"href":"https:\/\/www.bahiananoticias.com.br\/v1\/wp-json\/wp\/v2\/comments?post=24826"}],"version-history":[{"count":1,"href":"https:\/\/www.bahiananoticias.com.br\/v1\/wp-json\/wp\/v2\/posts\/24826\/revisions"}],"predecessor-version":[{"id":24828,"href":"https:\/\/www.bahiananoticias.com.br\/v1\/wp-json\/wp\/v2\/posts\/24826\/revisions\/24828"}],"wp:featuredmedia":[{"embeddable":true,"href":"https:\/\/www.bahiananoticias.com.br\/v1\/wp-json\/wp\/v2\/media\/24827"}],"wp:attachment":[{"href":"https:\/\/www.bahiananoticias.com.br\/v1\/wp-json\/wp\/v2\/media?parent=24826"}],"wp:term":[{"taxonomy":"category","embeddable":true,"href":"https:\/\/www.bahiananoticias.com.br\/v1\/wp-json\/wp\/v2\/categories?post=24826"},{"taxonomy":"post_tag","embeddable":true,"href":"https:\/\/www.bahiananoticias.com.br\/v1\/wp-json\/wp\/v2\/tags?post=24826"}],"curies":[{"name":"wp","href":"https:\/\/api.w.org\/{rel}","templated":true}]}}