{"id":24819,"date":"2026-08-31T10:30:03","date_gmt":"2026-08-31T13:30:03","guid":{"rendered":"https:\/\/www.bahiananoticias.com.br\/v1\/?p=24819"},"modified":"2026-08-31T10:30:03","modified_gmt":"2026-08-31T13:30:03","slug":"obras-de-requalificacao-da-feira-livre-do-california-serao-concluidas-em-setembro","status":"publish","type":"post","link":"https:\/\/www.bahiananoticias.com.br\/v1\/2026\/08\/31\/obras-de-requalificacao-da-feira-livre-do-california-serao-concluidas-em-setembro\/","title":{"rendered":"Obras de requalifica\u00e7\u00e3o da feira livre do Calif\u00f3rnia ser\u00e3o conclu\u00eddas em setembro"},"content":{"rendered":"<p><img decoding=\"async\" loading=\"lazy\" src=\"http:\/\/www.bahiananoticias.com.br\/v1\/wp-content\/uploads\/2026\/08\/x.jpeg\" alt=\"\" width=\"600\" height=\"400\" class=\"alignnone size-full wp-image-24820\" srcset=\"https:\/\/www.bahiananoticias.com.br\/v1\/wp-content\/uploads\/2026\/08\/x.jpeg 600w, https:\/\/www.bahiananoticias.com.br\/v1\/wp-content\/uploads\/2026\/08\/x-300x200.jpeg 300w\" sizes=\"(max-width: 600px) 100vw, 600px\" \/><\/p>\n<p>\u00c9 grande a expectativa entre feirantes e moradores do Calif\u00f3rnia para a conclus\u00e3o das obras e servi\u00e7os de requalifica\u00e7\u00e3o da feira livre do bairro. Iniciada no primeiro trimestre do ano passado, fruto da parceria da Prefeitura de Itabuna com o Governo do Estado, a previs\u00e3o \u00e9 de ser finalizada no m\u00eas de setembro.<\/p>\n<p>O prefeito de Itabuna, Augusto Castro (PSD), lembra do compromisso assumindo ainda na campanha que o elegeu para o primeiro, em 2020, quando se comprometeu em mudar a realidade das feiras livres da cidade.<\/p>\n<p>\u201cRequalificar as feiras livres, foi compromisso que abracei, porque as feiras dos bairros S\u00e3o Caetano e Calif\u00f3rnia eram casos de sa\u00fade p\u00fablica.Na parceria com o Governo da Bahia, foi poss\u00edvel requalificar estes dois espa\u00e7os de com\u00e9rcio de hortifrutigranjeiros, proporcionado comodidade e dignidade para comerciantes e consumidores\u201d, afirma.<\/p>\n<p>Para o prefeito, o pr\u00f3ximo desafio \u00e9 realizar uma forte interven\u00e7\u00e3o no Centro Comercial de Itabuna, maior central de abastecimento e distribui\u00e7\u00e3o de produtos hortigranjeiros, carnes e cereais do munic\u00edpio, que atende boa parte da regi\u00e3o.<\/p>\n<p>\u201cVamos focar esfor\u00e7os para realizar o mesmo trabalho de reforma e requalifica\u00e7\u00e3o no Centro Comercial, um local que atende moradores de Itabuna e da regi\u00e3o. O pessoal t\u00e9cnico da Secretaria de Infraestrutura e Urbanismo vai desenvolver um projeto e vamos buscar recursos necess\u00e1rios \u00e0 execu\u00e7\u00e3o de mais essa obra\u201d, afirma o prefeito itabunense.<\/p>\n<p>AJUSTES<\/p>\n<p>A secret\u00e1ria municipal de Infraestrutura e Urbanismo, S\u00f4nia Fontes, afirma que a obra est\u00e1 nos ajustes finais e entrou na fase de limpeza e pequenos acabamentos. Al\u00e9m disso, o seu entorno ganha recapeamento nas principais ruas de acesso que tamb\u00e9m ter\u00e3o sinaliza\u00e7\u00e3o e ilumina\u00e7\u00e3o em LED.<\/p>\n<p>\u201cA nova feira livre do Calif\u00f3rnia \u00e9 um espa\u00e7o que vai proporcionar conforto e bem-estar aos feirantes e consumidores. A obra entrou no processo de limpeza, revis\u00e3o das partes el\u00e9tricas e hidr\u00e1ulicas e o fechamento dos boxes\u201d, atesta a secret\u00e1ria S\u00f4nia Fontes.<\/p>\n<p>A secret\u00e1ria destaca ainda os equipamentos que comp\u00f5em a nova feira livre do Calif\u00f3rnia, que tem 197 boxes, constru\u00eddos em uma \u00e1rea total de 2.024,52 metros quadrados. \u201cAl\u00e9m dos boxes, o novo equipamento \u00e9 sustent\u00e1vel, porque conta com sistema de reuso de \u00e1gua e placas solares para a gera\u00e7\u00e3o de energia el\u00e9trica.<\/p>\n<p>\u201cNo tocante \u00e0 seguran\u00e7a, h\u00e1 v\u00eddeomonitoramento e alarmes, conjuntos de sanit\u00e1rios \u2013 inclu\u00eddo PCD, setores administrativo e t\u00e9cnico, \u00e1reas de estacionamento e para carga e descarga e estacionamento para ve\u00edculos e biciclet\u00e1rio\u201d, destaca.<\/p>\n<p>A requalifica\u00e7\u00e3o da feira do Bairro Calif\u00f3rnia \u00e9 executada pelo cons\u00f3rcio das empresas Construtora Faria Lima Ltda. e Global Engenharia Ltda., com investimentos de R$ 9.762.077,08 do Governo do Estado, sob a responsabilidade da Companhia de Desenvolvimento Urbano do Estado da Bahia (CONDER).<\/p>\n","protected":false},"excerpt":{"rendered":"<p>\u00c9 grande a expectativa entre feirantes e moradores do Calif\u00f3rnia para a conclus\u00e3o das obras e servi\u00e7os de requalifica\u00e7\u00e3o da feira livre do bairro. Iniciada no primeiro trimestre do ano passado, fruto da parceria da Prefeitura de Itabuna com o Governo do Estado, a previs\u00e3o \u00e9 de ser finalizada no m\u00eas de setembro. O prefeito [&hellip;]<\/p>\n","protected":false},"author":2,"featured_media":24820,"comment_status":"closed","ping_status":"closed","sticky":false,"template":"","format":"standard","meta":{"_links_to":"","_links_to_target":""},"categories":[11,9],"tags":[],"views":11,"_links":{"self":[{"href":"https:\/\/www.bahiananoticias.com.br\/v1\/wp-json\/wp\/v2\/posts\/24819"}],"collection":[{"href":"https:\/\/www.bahiananoticias.com.br\/v1\/wp-json\/wp\/v2\/posts"}],"about":[{"href":"https:\/\/www.bahiananoticias.com.br\/v1\/wp-json\/wp\/v2\/types\/post"}],"author":[{"embeddable":true,"href":"https:\/\/www.bahiananoticias.com.br\/v1\/wp-json\/wp\/v2\/users\/2"}],"replies":[{"embeddable":true,"href":"https:\/\/www.bahiananoticias.com.br\/v1\/wp-json\/wp\/v2\/comments?post=24819"}],"version-history":[{"count":1,"href":"https:\/\/www.bahiananoticias.com.br\/v1\/wp-json\/wp\/v2\/posts\/24819\/revisions"}],"predecessor-version":[{"id":24821,"href":"https:\/\/www.bahiananoticias.com.br\/v1\/wp-json\/wp\/v2\/posts\/24819\/revisions\/24821"}],"wp:featuredmedia":[{"embeddable":true,"href":"https:\/\/www.bahiananoticias.com.br\/v1\/wp-json\/wp\/v2\/media\/24820"}],"wp:attachment":[{"href":"https:\/\/www.bahiananoticias.com.br\/v1\/wp-json\/wp\/v2\/media?parent=24819"}],"wp:term":[{"taxonomy":"category","embeddable":true,"href":"https:\/\/www.bahiananoticias.com.br\/v1\/wp-json\/wp\/v2\/categories?post=24819"},{"taxonomy":"post_tag","embeddable":true,"href":"https:\/\/www.bahiananoticias.com.br\/v1\/wp-json\/wp\/v2\/tags?post=24819"}],"curies":[{"name":"wp","href":"https:\/\/api.w.org\/{rel}","templated":true}]}}