{"id":24813,"date":"2026-08-31T10:27:54","date_gmt":"2026-08-31T13:27:54","guid":{"rendered":"https:\/\/www.bahiananoticias.com.br\/v1\/?p=24813"},"modified":"2026-08-31T10:27:54","modified_gmt":"2026-08-31T13:27:54","slug":"prefeito-do-uniao-brasil-declara-apoio-a-jeronimo-e-participa-de-carreata-ao-lado-do-governador-na-bahia","status":"publish","type":"post","link":"https:\/\/www.bahiananoticias.com.br\/v1\/2026\/08\/31\/prefeito-do-uniao-brasil-declara-apoio-a-jeronimo-e-participa-de-carreata-ao-lado-do-governador-na-bahia\/","title":{"rendered":"Prefeito do Uni\u00e3o Brasil declara apoio a Jer\u00f4nimo e participa de carreata ao lado do governador na Bahia"},"content":{"rendered":"<p><img decoding=\"async\" loading=\"lazy\" src=\"http:\/\/www.bahiananoticias.com.br\/v1\/wp-content\/uploads\/2026\/08\/WhatsApp-Image-2026-08-31-at-10.19.28.jpeg\" alt=\"\" width=\"600\" height=\"400\" class=\"alignnone size-full wp-image-24814\" srcset=\"https:\/\/www.bahiananoticias.com.br\/v1\/wp-content\/uploads\/2026\/08\/WhatsApp-Image-2026-08-31-at-10.19.28.jpeg 600w, https:\/\/www.bahiananoticias.com.br\/v1\/wp-content\/uploads\/2026\/08\/WhatsApp-Image-2026-08-31-at-10.19.28-300x200.jpeg 300w\" sizes=\"(max-width: 600px) 100vw, 600px\" \/><\/p>\n<p>Mesmo sendo filiado ao Uni\u00e3o Brasil, o prefeito de Ibiassuc\u00ea, Tadeuzinho Prates, chamou aten\u00e7\u00e3o ao participar da carreata ao lado do governador e candidato \u00e0 reelei\u00e7\u00e3o Jer\u00f4nimo Rodrigues, no \u00faltimo s\u00e1bado (29). Durante o ato, o gestor municipal exibiu apoio p\u00fablico \u00e0 chapa petista, percorrendo as ruas da cidade junto com a comitiva.<\/p>\n<p>Presidente do Uni\u00e3o Brasil no munic\u00edpio e aliado do grupo pol\u00edtico de ACM Neto, al\u00e9m de manter liga\u00e7\u00e3o com o deputado federal Paulo Azi, Tadeuzinho n\u00e3o evitou demonstrar proximidade com Jer\u00f4nimo, o que repercutiu no meio pol\u00edtico regional.<\/p>\n<p>A mobiliza\u00e7\u00e3o contou ainda com a presen\u00e7a de lideran\u00e7as importantes, como o senador Jaques Wagner e o ex-ministro Rui Costa, al\u00e9m da presidente da Assembleia Legislativa da Bahia, Ivana Bastos.<\/p>\n","protected":false},"excerpt":{"rendered":"<p>Mesmo sendo filiado ao Uni\u00e3o Brasil, o prefeito de Ibiassuc\u00ea, Tadeuzinho Prates, chamou aten\u00e7\u00e3o ao participar da carreata ao lado do governador e candidato \u00e0 reelei\u00e7\u00e3o Jer\u00f4nimo Rodrigues, no \u00faltimo s\u00e1bado (29). Durante o ato, o gestor municipal exibiu apoio p\u00fablico \u00e0 chapa petista, percorrendo as ruas da cidade junto com a comitiva. Presidente do [&hellip;]<\/p>\n","protected":false},"author":2,"featured_media":24814,"comment_status":"closed","ping_status":"closed","sticky":false,"template":"","format":"standard","meta":{"_links_to":"","_links_to_target":""},"categories":[11,9],"tags":[],"views":13,"_links":{"self":[{"href":"https:\/\/www.bahiananoticias.com.br\/v1\/wp-json\/wp\/v2\/posts\/24813"}],"collection":[{"href":"https:\/\/www.bahiananoticias.com.br\/v1\/wp-json\/wp\/v2\/posts"}],"about":[{"href":"https:\/\/www.bahiananoticias.com.br\/v1\/wp-json\/wp\/v2\/types\/post"}],"author":[{"embeddable":true,"href":"https:\/\/www.bahiananoticias.com.br\/v1\/wp-json\/wp\/v2\/users\/2"}],"replies":[{"embeddable":true,"href":"https:\/\/www.bahiananoticias.com.br\/v1\/wp-json\/wp\/v2\/comments?post=24813"}],"version-history":[{"count":1,"href":"https:\/\/www.bahiananoticias.com.br\/v1\/wp-json\/wp\/v2\/posts\/24813\/revisions"}],"predecessor-version":[{"id":24815,"href":"https:\/\/www.bahiananoticias.com.br\/v1\/wp-json\/wp\/v2\/posts\/24813\/revisions\/24815"}],"wp:featuredmedia":[{"embeddable":true,"href":"https:\/\/www.bahiananoticias.com.br\/v1\/wp-json\/wp\/v2\/media\/24814"}],"wp:attachment":[{"href":"https:\/\/www.bahiananoticias.com.br\/v1\/wp-json\/wp\/v2\/media?parent=24813"}],"wp:term":[{"taxonomy":"category","embeddable":true,"href":"https:\/\/www.bahiananoticias.com.br\/v1\/wp-json\/wp\/v2\/categories?post=24813"},{"taxonomy":"post_tag","embeddable":true,"href":"https:\/\/www.bahiananoticias.com.br\/v1\/wp-json\/wp\/v2\/tags?post=24813"}],"curies":[{"name":"wp","href":"https:\/\/api.w.org\/{rel}","templated":true}]}}