{"id":24807,"date":"2026-08-31T10:26:42","date_gmt":"2026-08-31T13:26:42","guid":{"rendered":"https:\/\/www.bahiananoticias.com.br\/v1\/?p=24807"},"modified":"2026-08-31T10:26:42","modified_gmt":"2026-08-31T13:26:42","slug":"jeronimo-destaca-investimentos-na-saude-durante-carreata-e-comicio-no-sudoeste-da-bahia","status":"publish","type":"post","link":"https:\/\/www.bahiananoticias.com.br\/v1\/2026\/08\/31\/jeronimo-destaca-investimentos-na-saude-durante-carreata-e-comicio-no-sudoeste-da-bahia\/","title":{"rendered":"Jer\u00f4nimo destaca investimentos na sa\u00fade durante carreata e com\u00edcio no sudoeste da Bahia"},"content":{"rendered":"<p><img decoding=\"async\" loading=\"lazy\" src=\"http:\/\/www.bahiananoticias.com.br\/v1\/wp-content\/uploads\/2026\/08\/WhatsApp-Image-2026-08-31-at-10.19.28-1.jpeg\" alt=\"\" width=\"600\" height=\"401\" class=\"alignnone size-full wp-image-24811\" srcset=\"https:\/\/www.bahiananoticias.com.br\/v1\/wp-content\/uploads\/2026\/08\/WhatsApp-Image-2026-08-31-at-10.19.28-1.jpeg 600w, https:\/\/www.bahiananoticias.com.br\/v1\/wp-content\/uploads\/2026\/08\/WhatsApp-Image-2026-08-31-at-10.19.28-1-300x201.jpeg 300w\" sizes=\"(max-width: 600px) 100vw, 600px\" \/><\/p>\n<p>O governador e candidato \u00e0 reelei\u00e7\u00e3o Jer\u00f4nimo Rodrigues (PT) participou, na tarde do \u00faltimo s\u00e1bado (29), de uma carreata pelas ruas de Caetit\u00e9, no sudoeste da Bahia, ao lado do deputado federal F\u00e9lix Mendon\u00e7a J\u00fanior (PDT). O evento contou ainda com a presen\u00e7a de importantes nomes da chapa majorit\u00e1ria, como os senadores Jaques Wagner (PT) e Rui Costa (PT), al\u00e9m do prefeito Valt\u00e9cio Aguiar (PDT) e da presidente da Assembleia Legislativa da Bahia, Ivana Bastos (PSD), entre outras lideran\u00e7as.<\/p>\n<p>Durante o ato, Jer\u00f4nimo ressaltou os investimentos realizados na sa\u00fade p\u00fablica da regi\u00e3o, com destaque para a implanta\u00e7\u00e3o do Hospital Estadual de Oncologia do Alto Sert\u00e3o. A unidade ampliou o acesso ao tratamento contra o c\u00e2ncer, beneficiando moradores de 23 munic\u00edpios e reduzindo a necessidade de deslocamentos para centros mais distantes. Segundo o governador, a iniciativa representa um avan\u00e7o significativo no atendimento de alta complexidade no interior do estado.<\/p>\n<p>Em discurso, ele enfatizou a import\u00e2ncia da proximidade do tratamento para pacientes oncol\u00f3gicos, destacando as dificuldades enfrentadas anteriormente por quem precisava viajar longas dist\u00e2ncias para realizar sess\u00f5es de quimioterapia. Jer\u00f4nimo tamb\u00e9m agradeceu o apoio pol\u00edtico local e refor\u00e7ou a parceria com lideran\u00e7as da regi\u00e3o.<\/p>\n<p>O deputado F\u00e9lix Mendon\u00e7a J\u00fanior, por sua vez, afirmou que a receptividade popular indica confian\u00e7a no projeto pol\u00edtico liderado pelo governador. Ele avaliou que os investimentos, especialmente na \u00e1rea da sa\u00fade, fortalecem a gest\u00e3o e contribuem para o desenvolvimento dos munic\u00edpios baianos.<\/p>\n<p>Antes de chegar a Caetit\u00e9, Jer\u00f4nimo cumpriu agenda em cidades como Rio do Ant\u00f4nio, Cacul\u00e9 e Ibiassuc\u00ea. \u00c0 noite, o compromisso foi em Guanambi, onde participou de um com\u00edcio dando continuidade \u00e0 mobiliza\u00e7\u00e3o pol\u00edtica no interior da Bahia.<\/p>\n","protected":false},"excerpt":{"rendered":"<p>O governador e candidato \u00e0 reelei\u00e7\u00e3o Jer\u00f4nimo Rodrigues (PT) participou, na tarde do \u00faltimo s\u00e1bado (29), de uma carreata pelas ruas de Caetit\u00e9, no sudoeste da Bahia, ao lado do deputado federal F\u00e9lix Mendon\u00e7a J\u00fanior (PDT). O evento contou ainda com a presen\u00e7a de importantes nomes da chapa majorit\u00e1ria, como os senadores Jaques Wagner (PT) [&hellip;]<\/p>\n","protected":false},"author":2,"featured_media":24811,"comment_status":"closed","ping_status":"closed","sticky":false,"template":"","format":"standard","meta":{"_links_to":"","_links_to_target":""},"categories":[11,9],"tags":[],"views":11,"_links":{"self":[{"href":"https:\/\/www.bahiananoticias.com.br\/v1\/wp-json\/wp\/v2\/posts\/24807"}],"collection":[{"href":"https:\/\/www.bahiananoticias.com.br\/v1\/wp-json\/wp\/v2\/posts"}],"about":[{"href":"https:\/\/www.bahiananoticias.com.br\/v1\/wp-json\/wp\/v2\/types\/post"}],"author":[{"embeddable":true,"href":"https:\/\/www.bahiananoticias.com.br\/v1\/wp-json\/wp\/v2\/users\/2"}],"replies":[{"embeddable":true,"href":"https:\/\/www.bahiananoticias.com.br\/v1\/wp-json\/wp\/v2\/comments?post=24807"}],"version-history":[{"count":1,"href":"https:\/\/www.bahiananoticias.com.br\/v1\/wp-json\/wp\/v2\/posts\/24807\/revisions"}],"predecessor-version":[{"id":24812,"href":"https:\/\/www.bahiananoticias.com.br\/v1\/wp-json\/wp\/v2\/posts\/24807\/revisions\/24812"}],"wp:featuredmedia":[{"embeddable":true,"href":"https:\/\/www.bahiananoticias.com.br\/v1\/wp-json\/wp\/v2\/media\/24811"}],"wp:attachment":[{"href":"https:\/\/www.bahiananoticias.com.br\/v1\/wp-json\/wp\/v2\/media?parent=24807"}],"wp:term":[{"taxonomy":"category","embeddable":true,"href":"https:\/\/www.bahiananoticias.com.br\/v1\/wp-json\/wp\/v2\/categories?post=24807"},{"taxonomy":"post_tag","embeddable":true,"href":"https:\/\/www.bahiananoticias.com.br\/v1\/wp-json\/wp\/v2\/tags?post=24807"}],"curies":[{"name":"wp","href":"https:\/\/api.w.org\/{rel}","templated":true}]}}