{"id":23380,"date":"2026-04-29T09:06:13","date_gmt":"2026-04-29T12:06:13","guid":{"rendered":"https:\/\/www.bahiananoticias.com.br\/v1\/?p=23380"},"modified":"2026-04-29T09:28:44","modified_gmt":"2026-04-29T12:28:44","slug":"pl-aciona-tse-para-barrar-uso-politico-de-pronunciamento-de-lula-no-dia-do-trabalhador","status":"publish","type":"post","link":"https:\/\/www.bahiananoticias.com.br\/v1\/2026\/04\/29\/pl-aciona-tse-para-barrar-uso-politico-de-pronunciamento-de-lula-no-dia-do-trabalhador\/","title":{"rendered":"PL aciona TSE para barrar pronunciamento do Presidente Lula do dia 1\u00ba DE Maio ( Dia do Trabalhador )"},"content":{"rendered":"<p><img decoding=\"async\" loading=\"lazy\" src=\"http:\/\/www.bahiananoticias.com.br\/v1\/wp-content\/uploads\/2026\/04\/IMG_1617.jpeg\" alt=\"\" width=\"600\" height=\"426\" class=\"alignnone size-full wp-image-23381\" srcset=\"https:\/\/www.bahiananoticias.com.br\/v1\/wp-content\/uploads\/2026\/04\/IMG_1617.jpeg 600w, https:\/\/www.bahiananoticias.com.br\/v1\/wp-content\/uploads\/2026\/04\/IMG_1617-300x213.jpeg 300w\" sizes=\"(max-width: 600px) 100vw, 600px\" \/><\/p>\n<p>O Partido Liberal (PL) acionou o Tribunal Superior Eleitoral (TSE) nesta ter\u00e7a-feira (28) com o objetivo de impor restri\u00e7\u00f5es ao pronunciamento em rede nacional que o presidente Luiz In\u00e1cio Lula da Silva deve realizar em alus\u00e3o ao Dia do Trabalhador, celebrado em 1\u00ba de maio.<\/p>\n<p>De acordo com informa\u00e7\u00f5es divulgadas pelo blog da jornalista Malu Gaspar, do jornal O Globo, o partido solicita uma decis\u00e3o liminar para impedir que o presidente utilize o espa\u00e7o para promo\u00e7\u00e3o pessoal, associa\u00e7\u00e3o direta de sua imagem a pol\u00edticas p\u00fablicas ou eventuais cr\u00edticas a advers\u00e1rios e gest\u00f5es anteriores, como a do ex-presidente Jair Bolsonaro.<\/p>\n<p>Na a\u00e7\u00e3o, o PL tamb\u00e9m pede que o TSE determine a manuten\u00e7\u00e3o de \u201cneutralidade institucional\u201d no pronunciamento, vetando o uso de imagens externas, s\u00edmbolos, marcas ou recursos visuais que possam caracterizar propaganda eleitoral antecipada. Segundo a legenda, esses elementos podem conferir car\u00e1ter eleitoral \u00e0s falas do presidente, especialmente em um cen\u00e1rio pr\u00e9-eleitoral, no qual o partido pretende lan\u00e7ar o senador Fl\u00e1vio Bolsonaro como candidato \u00e0 Presid\u00eancia da Rep\u00fablica.<\/p>\n<p>O pedido ocorre no \u00e2mbito de uma a\u00e7\u00e3o j\u00e1 em tramita\u00e7\u00e3o no TSE que questiona o pronunciamento feito por Lula no Dia Internacional da Mulher, em mar\u00e7o. Na ocasi\u00e3o, foram exibidas imagens de cerim\u00f4nias do governo e de programas sociais como P\u00e9-de-Meia, Minha Casa Minha Vida e Bolsa Fam\u00edlia. At\u00e9 o momento, o processo ainda n\u00e3o foi analisado pelo plen\u00e1rio da Corte Eleitoral.<\/p>\n","protected":false},"excerpt":{"rendered":"<p>O Partido Liberal (PL) acionou o Tribunal Superior Eleitoral (TSE) nesta ter\u00e7a-feira (28) com o objetivo de impor restri\u00e7\u00f5es ao pronunciamento em rede nacional que o presidente Luiz In\u00e1cio Lula da Silva deve realizar em alus\u00e3o ao Dia do Trabalhador, celebrado em 1\u00ba de maio. De acordo com informa\u00e7\u00f5es divulgadas pelo blog da jornalista Malu [&hellip;]<\/p>\n","protected":false},"author":2,"featured_media":23381,"comment_status":"closed","ping_status":"closed","sticky":false,"template":"","format":"standard","meta":{"_links_to":"","_links_to_target":""},"categories":[1],"tags":[],"views":18,"_links":{"self":[{"href":"https:\/\/www.bahiananoticias.com.br\/v1\/wp-json\/wp\/v2\/posts\/23380"}],"collection":[{"href":"https:\/\/www.bahiananoticias.com.br\/v1\/wp-json\/wp\/v2\/posts"}],"about":[{"href":"https:\/\/www.bahiananoticias.com.br\/v1\/wp-json\/wp\/v2\/types\/post"}],"author":[{"embeddable":true,"href":"https:\/\/www.bahiananoticias.com.br\/v1\/wp-json\/wp\/v2\/users\/2"}],"replies":[{"embeddable":true,"href":"https:\/\/www.bahiananoticias.com.br\/v1\/wp-json\/wp\/v2\/comments?post=23380"}],"version-history":[{"count":2,"href":"https:\/\/www.bahiananoticias.com.br\/v1\/wp-json\/wp\/v2\/posts\/23380\/revisions"}],"predecessor-version":[{"id":23383,"href":"https:\/\/www.bahiananoticias.com.br\/v1\/wp-json\/wp\/v2\/posts\/23380\/revisions\/23383"}],"wp:featuredmedia":[{"embeddable":true,"href":"https:\/\/www.bahiananoticias.com.br\/v1\/wp-json\/wp\/v2\/media\/23381"}],"wp:attachment":[{"href":"https:\/\/www.bahiananoticias.com.br\/v1\/wp-json\/wp\/v2\/media?parent=23380"}],"wp:term":[{"taxonomy":"category","embeddable":true,"href":"https:\/\/www.bahiananoticias.com.br\/v1\/wp-json\/wp\/v2\/categories?post=23380"},{"taxonomy":"post_tag","embeddable":true,"href":"https:\/\/www.bahiananoticias.com.br\/v1\/wp-json\/wp\/v2\/tags?post=23380"}],"curies":[{"name":"wp","href":"https:\/\/api.w.org\/{rel}","templated":true}]}}