{"id":23377,"date":"2026-04-28T17:19:42","date_gmt":"2026-04-28T20:19:42","guid":{"rendered":"https:\/\/www.bahiananoticias.com.br\/v1\/?p=23377"},"modified":"2026-04-28T17:19:42","modified_gmt":"2026-04-28T20:19:42","slug":"rosemberg-articula-encontro-entre-prefeito-de-iguai-e-governador-jeronimo-para-tratar-novos-investimentos-para-o-municipio","status":"publish","type":"post","link":"https:\/\/www.bahiananoticias.com.br\/v1\/2026\/04\/28\/rosemberg-articula-encontro-entre-prefeito-de-iguai-e-governador-jeronimo-para-tratar-novos-investimentos-para-o-municipio\/","title":{"rendered":"Rosemberg articula encontro entre prefeito de Igua\u00ed e governador Jer\u00f4nimo para tratar novos investimentos para o munic\u00edpio"},"content":{"rendered":"<p><img decoding=\"async\" loading=\"lazy\" src=\"http:\/\/www.bahiananoticias.com.br\/v1\/wp-content\/uploads\/2026\/04\/086a791e-746c-49b5-a2d0-51f7299b699d.jpeg\" alt=\"\" width=\"600\" height=\"374\" class=\"alignnone size-full wp-image-23378\" srcset=\"https:\/\/www.bahiananoticias.com.br\/v1\/wp-content\/uploads\/2026\/04\/086a791e-746c-49b5-a2d0-51f7299b699d.jpeg 600w, https:\/\/www.bahiananoticias.com.br\/v1\/wp-content\/uploads\/2026\/04\/086a791e-746c-49b5-a2d0-51f7299b699d-300x187.jpeg 300w\" sizes=\"(max-width: 600px) 100vw, 600px\" \/><\/p>\n<p>Em uma articula\u00e7\u00e3o do deputado estadual Rosemberg Pinto (PT), o governador Jer\u00f4nimo Rodrigues (PT) se reuniu, nesta ter\u00e7a-feira (28), com o prefeito de Igua\u00ed, Davi Macedo (Avante), com lideran\u00e7as pol\u00edticas locais e a participa\u00e7\u00e3o do deputado federal Neto Carletto (Avante) para discutir novos investimentos e a\u00e7\u00f5es de desenvolvimento para o munic\u00edpio do M\u00e9dio Sudoeste baiano.<\/p>\n<p>Rosemberg, que \u00e9 l\u00edder do Governo Jer\u00f4nimo na Assembleia Legislativa da Bahia (Alba), foi o candidato a deputado estadual mais votado em Igua\u00ed nas elei\u00e7\u00f5es de 2022, com 44,1% dos votos v\u00e1lidos. <\/p>\n<p>Com forte atua\u00e7\u00e3o do deputado Rosemberg no Parlamento baiano e junto ao Governo do Estado, Igua\u00ed j\u00e1 recebeu investimentos nos \u00faltimos tr\u00eas anos de R$ 43 milh\u00f5es, recursos destinados para diversas  \u00e1reas que garantem a melhoria da qualidade de vida da popula\u00e7\u00e3o iguaiense.<\/p>\n<p>\u201cIgua\u00ed \u00e9 um munic\u00edpio merecedor desse carinho que o governador Jer\u00f4nimo tem por ele, e estaremos juntos para fazer mais e melhor pela cidade\u201d, afirmou o l\u00edder governista. <\/p>\n<p>Al\u00e9m dos investimentos, Igua\u00ed ganhou refor\u00e7o no atendimento \u00e0 popula\u00e7\u00e3o. Foram anunciadas o envio de uma ambul\u00e2ncia nova, um ve\u00edculo administrativo e uma van para Tratamento Fora do Domic\u00edlio (TFD), equipamentos frutos de emendas de Rosemberg e Carletto. <\/p>\n<p>\u201cUma alegria muito grande receber essa comitiva em meu gabinete. Tivemos a oportunidade de tratar de temas estrat\u00e9gicos para o desenvolvimento de Igua\u00ed, com a apresenta\u00e7\u00e3o de projetos de grande potencial\u201d, afirmou o governador.<\/p>\n<p>No encontro, o gestor iguaiense apresentou pautas consideradas importantes como a macrodrenagem, a revitaliza\u00e7\u00e3o da BA-262, a amplia\u00e7\u00e3o da frota de ve\u00edculos para a Sa\u00fade e a cess\u00e3o de \u00f4nibus escolar. Foram discutidas ainda a\u00e7\u00f5es na \u00e1rea do esporte, como a ilumina\u00e7\u00e3o do Est\u00e1dio Pedr\u00e3o, e melhorias para o mercado de carnes da cidade. <\/p>\n<p>\u201cDia hist\u00f3rico, na capital baiana, em Salvador, porque saio com o cora\u00e7\u00e3o explodindo de alegria porque grande parte das demandas foram atendidas prontamente pelo governador\u201d, agradeceu o prefeito. <\/p>\n<p>*28.04.2026*<br \/>\n_Assessoria de Imprensa_<br \/>\n_Deputado Rosemberg Pinto (PT)_<br \/>\n_Lideran\u00e7a da Maioria \/ Governo na Alba_<\/p>\n","protected":false},"excerpt":{"rendered":"<p>Em uma articula\u00e7\u00e3o do deputado estadual Rosemberg Pinto (PT), o governador Jer\u00f4nimo Rodrigues (PT) se reuniu, nesta ter\u00e7a-feira (28), com o prefeito de Igua\u00ed, Davi Macedo (Avante), com lideran\u00e7as pol\u00edticas locais e a participa\u00e7\u00e3o do deputado federal Neto Carletto (Avante) para discutir novos investimentos e a\u00e7\u00f5es de desenvolvimento para o munic\u00edpio do M\u00e9dio Sudoeste baiano. [&hellip;]<\/p>\n","protected":false},"author":2,"featured_media":23378,"comment_status":"closed","ping_status":"closed","sticky":false,"template":"","format":"standard","meta":{"_links_to":"","_links_to_target":""},"categories":[1],"tags":[],"views":8,"_links":{"self":[{"href":"https:\/\/www.bahiananoticias.com.br\/v1\/wp-json\/wp\/v2\/posts\/23377"}],"collection":[{"href":"https:\/\/www.bahiananoticias.com.br\/v1\/wp-json\/wp\/v2\/posts"}],"about":[{"href":"https:\/\/www.bahiananoticias.com.br\/v1\/wp-json\/wp\/v2\/types\/post"}],"author":[{"embeddable":true,"href":"https:\/\/www.bahiananoticias.com.br\/v1\/wp-json\/wp\/v2\/users\/2"}],"replies":[{"embeddable":true,"href":"https:\/\/www.bahiananoticias.com.br\/v1\/wp-json\/wp\/v2\/comments?post=23377"}],"version-history":[{"count":1,"href":"https:\/\/www.bahiananoticias.com.br\/v1\/wp-json\/wp\/v2\/posts\/23377\/revisions"}],"predecessor-version":[{"id":23379,"href":"https:\/\/www.bahiananoticias.com.br\/v1\/wp-json\/wp\/v2\/posts\/23377\/revisions\/23379"}],"wp:featuredmedia":[{"embeddable":true,"href":"https:\/\/www.bahiananoticias.com.br\/v1\/wp-json\/wp\/v2\/media\/23378"}],"wp:attachment":[{"href":"https:\/\/www.bahiananoticias.com.br\/v1\/wp-json\/wp\/v2\/media?parent=23377"}],"wp:term":[{"taxonomy":"category","embeddable":true,"href":"https:\/\/www.bahiananoticias.com.br\/v1\/wp-json\/wp\/v2\/categories?post=23377"},{"taxonomy":"post_tag","embeddable":true,"href":"https:\/\/www.bahiananoticias.com.br\/v1\/wp-json\/wp\/v2\/tags?post=23377"}],"curies":[{"name":"wp","href":"https:\/\/api.w.org\/{rel}","templated":true}]}}