{"id":23371,"date":"2026-04-28T10:21:36","date_gmt":"2026-04-28T13:21:36","guid":{"rendered":"https:\/\/www.bahiananoticias.com.br\/v1\/?p=23371"},"modified":"2026-04-28T10:21:36","modified_gmt":"2026-04-28T13:21:36","slug":"appi-aplb-rejeita-proposta-do-governo-e-pode-convocar-paralisacao-de-advertencia","status":"publish","type":"post","link":"https:\/\/www.bahiananoticias.com.br\/v1\/2026\/04\/28\/appi-aplb-rejeita-proposta-do-governo-e-pode-convocar-paralisacao-de-advertencia\/","title":{"rendered":"APPI\/APLB rejeita proposta do governo e pode convocar paralisa\u00e7\u00e3o de advert\u00eancia"},"content":{"rendered":"<p><img decoding=\"async\" loading=\"lazy\" src=\"http:\/\/www.bahiananoticias.com.br\/v1\/wp-content\/uploads\/2026\/04\/IMG_1522.jpeg\" alt=\"\" width=\"600\" height=\"340\" class=\"alignnone size-full wp-image-23372\" srcset=\"https:\/\/www.bahiananoticias.com.br\/v1\/wp-content\/uploads\/2026\/04\/IMG_1522.jpeg 600w, https:\/\/www.bahiananoticias.com.br\/v1\/wp-content\/uploads\/2026\/04\/IMG_1522-300x170.jpeg 300w\" sizes=\"(max-width: 600px) 100vw, 600px\" \/><\/p>\n<p>Em assembleia realizada nesta segunda-feira<br \/>\n(27), a APPI\/APLB informa que a categoria rejeitou a proposta apresentada pelo governo, que n\u00e3o contempla o pagamento do retroativo para docentes e n\u00e3o docentes e n\u00e3o assegura o cumprimento da tabela salarial dos trabalhadores n\u00e3o docentes.<br \/>\nA proposta mant\u00e9m servidores em in\u00edcio de carreira recebendo abaixo do salario m\u00ednimo e provoca achatamento no plano de carreira dos trabalhadores em educa\u00e7\u00e3o, pontos considerados inaceit\u00e1veis pela assembleia.<br \/>\nA categoria deliberou pelo envio de uma contraproposta ao governo na reuni\u00e3o marca para a pr\u00f3xima quarta-feira (29). Caso n\u00e3o ha avan\u00e7o nas negocia\u00e7\u00f5es, ser\u00e1 convocada nov assembleia na quinta-feira (30) e ser\u00e1 comunicada \u00e0 SEDUC uma paralisa\u00e7\u00e3o de advert\u00eancia na ter\u00e7a-feira (05).<\/p>\n<p>A APPI\/APLB reafirma seu compromisso com defesa dos direitos da categoria e manter\u00e1 todos informados sobre os pr\u00f3ximos encaminhamentos.<\/p>\n","protected":false},"excerpt":{"rendered":"<p>Em assembleia realizada nesta segunda-feira (27), a APPI\/APLB informa que a categoria rejeitou a proposta apresentada pelo governo, que n\u00e3o contempla o pagamento do retroativo para docentes e n\u00e3o docentes e n\u00e3o assegura o cumprimento da tabela salarial dos trabalhadores n\u00e3o docentes. A proposta mant\u00e9m servidores em in\u00edcio de carreira recebendo abaixo do salario m\u00ednimo [&hellip;]<\/p>\n","protected":false},"author":2,"featured_media":23372,"comment_status":"closed","ping_status":"closed","sticky":false,"template":"","format":"standard","meta":{"_links_to":"","_links_to_target":""},"categories":[1],"tags":[],"views":12,"_links":{"self":[{"href":"https:\/\/www.bahiananoticias.com.br\/v1\/wp-json\/wp\/v2\/posts\/23371"}],"collection":[{"href":"https:\/\/www.bahiananoticias.com.br\/v1\/wp-json\/wp\/v2\/posts"}],"about":[{"href":"https:\/\/www.bahiananoticias.com.br\/v1\/wp-json\/wp\/v2\/types\/post"}],"author":[{"embeddable":true,"href":"https:\/\/www.bahiananoticias.com.br\/v1\/wp-json\/wp\/v2\/users\/2"}],"replies":[{"embeddable":true,"href":"https:\/\/www.bahiananoticias.com.br\/v1\/wp-json\/wp\/v2\/comments?post=23371"}],"version-history":[{"count":1,"href":"https:\/\/www.bahiananoticias.com.br\/v1\/wp-json\/wp\/v2\/posts\/23371\/revisions"}],"predecessor-version":[{"id":23373,"href":"https:\/\/www.bahiananoticias.com.br\/v1\/wp-json\/wp\/v2\/posts\/23371\/revisions\/23373"}],"wp:featuredmedia":[{"embeddable":true,"href":"https:\/\/www.bahiananoticias.com.br\/v1\/wp-json\/wp\/v2\/media\/23372"}],"wp:attachment":[{"href":"https:\/\/www.bahiananoticias.com.br\/v1\/wp-json\/wp\/v2\/media?parent=23371"}],"wp:term":[{"taxonomy":"category","embeddable":true,"href":"https:\/\/www.bahiananoticias.com.br\/v1\/wp-json\/wp\/v2\/categories?post=23371"},{"taxonomy":"post_tag","embeddable":true,"href":"https:\/\/www.bahiananoticias.com.br\/v1\/wp-json\/wp\/v2\/tags?post=23371"}],"curies":[{"name":"wp","href":"https:\/\/api.w.org\/{rel}","templated":true}]}}