{"id":23356,"date":"2026-04-27T08:37:11","date_gmt":"2026-04-27T11:37:11","guid":{"rendered":"https:\/\/www.bahiananoticias.com.br\/v1\/?p=23356"},"modified":"2026-04-27T08:37:11","modified_gmt":"2026-04-27T11:37:11","slug":"protesto-na-ba-001-indigenas-e-moradores-cobram-melhorias-em-estrada-e-transporte-publico","status":"publish","type":"post","link":"https:\/\/www.bahiananoticias.com.br\/v1\/2026\/04\/27\/protesto-na-ba-001-indigenas-e-moradores-cobram-melhorias-em-estrada-e-transporte-publico\/","title":{"rendered":"Protesto na BA-001: ind\u00edgenas e moradores cobram melhorias em estrada e transporte p\u00fablico"},"content":{"rendered":"<p><img decoding=\"async\" loading=\"lazy\" src=\"http:\/\/www.bahiananoticias.com.br\/v1\/wp-content\/uploads\/2026\/04\/IMG_1492.jpeg\" alt=\"\" width=\"600\" height=\"352\" class=\"alignnone size-full wp-image-23357\" srcset=\"https:\/\/www.bahiananoticias.com.br\/v1\/wp-content\/uploads\/2026\/04\/IMG_1492.jpeg 600w, https:\/\/www.bahiananoticias.com.br\/v1\/wp-content\/uploads\/2026\/04\/IMG_1492-300x176.jpeg 300w\" sizes=\"(max-width: 600px) 100vw, 600px\" \/><\/p>\n<p>Desde as primeiras horas da manh\u00e3 desta segunda-feira (27), ind\u00edgenas e moradores da regi\u00e3o de \u00c1guas de Oliven\u00e7a realizaram um protesto pac\u00edfico na rodovia BA-001. A manifesta\u00e7\u00e3o contou com o acompanhamento de policiais militares, que estiveram no local garantindo a seguran\u00e7a durante o ato.<\/p>\n<p>Em contato com o site F\u00e1bio Roberto Not\u00edcias, um representante ind\u00edgena informou que a mobiliza\u00e7\u00e3o tem como principal objetivo chamar a aten\u00e7\u00e3o das autoridades para a necessidade urgente de melhorias na estrada, al\u00e9m da amplia\u00e7\u00e3o da oferta de transporte p\u00fablico na regi\u00e3o.<\/p>\n<p>Com faixas e cartazes, os manifestantes destacaram as dificuldades enfrentadas diariamente, como o escoamento da produ\u00e7\u00e3o agr\u00edcola, a demora no atendimento de emerg\u00eancia pelo SAMU 192 e os obst\u00e1culos que estudantes encontram para chegar \u00e0s escolas.<\/p>\n<p>Al\u00e9m dos moradores de \u00c1guas de Oliven\u00e7a, pequenos produtores rurais da comunidade de Sapucaeira tamb\u00e9m participaram do protesto. Eles relataram insatisfa\u00e7\u00e3o com as m\u00e1s condi\u00e7\u00f5es da estrada de ch\u00e3o e criticaram a redu\u00e7\u00e3o na frota de \u00f4nibus, que tem prejudicado ainda mais a mobilidade local.<\/p>\n<p>A popula\u00e7\u00e3o cobra uma resposta r\u00e1pida do poder p\u00fablico para solucionar os problemas e garantir melhores condi\u00e7\u00f5es de infraestrutura e transporte para todos.<\/p>\n","protected":false},"excerpt":{"rendered":"<p>Desde as primeiras horas da manh\u00e3 desta segunda-feira (27), ind\u00edgenas e moradores da regi\u00e3o de \u00c1guas de Oliven\u00e7a realizaram um protesto pac\u00edfico na rodovia BA-001. A manifesta\u00e7\u00e3o contou com o acompanhamento de policiais militares, que estiveram no local garantindo a seguran\u00e7a durante o ato. Em contato com o site F\u00e1bio Roberto Not\u00edcias, um representante ind\u00edgena [&hellip;]<\/p>\n","protected":false},"author":2,"featured_media":23357,"comment_status":"closed","ping_status":"closed","sticky":false,"template":"","format":"standard","meta":{"_links_to":"","_links_to_target":""},"categories":[1],"tags":[],"views":41,"_links":{"self":[{"href":"https:\/\/www.bahiananoticias.com.br\/v1\/wp-json\/wp\/v2\/posts\/23356"}],"collection":[{"href":"https:\/\/www.bahiananoticias.com.br\/v1\/wp-json\/wp\/v2\/posts"}],"about":[{"href":"https:\/\/www.bahiananoticias.com.br\/v1\/wp-json\/wp\/v2\/types\/post"}],"author":[{"embeddable":true,"href":"https:\/\/www.bahiananoticias.com.br\/v1\/wp-json\/wp\/v2\/users\/2"}],"replies":[{"embeddable":true,"href":"https:\/\/www.bahiananoticias.com.br\/v1\/wp-json\/wp\/v2\/comments?post=23356"}],"version-history":[{"count":1,"href":"https:\/\/www.bahiananoticias.com.br\/v1\/wp-json\/wp\/v2\/posts\/23356\/revisions"}],"predecessor-version":[{"id":23358,"href":"https:\/\/www.bahiananoticias.com.br\/v1\/wp-json\/wp\/v2\/posts\/23356\/revisions\/23358"}],"wp:featuredmedia":[{"embeddable":true,"href":"https:\/\/www.bahiananoticias.com.br\/v1\/wp-json\/wp\/v2\/media\/23357"}],"wp:attachment":[{"href":"https:\/\/www.bahiananoticias.com.br\/v1\/wp-json\/wp\/v2\/media?parent=23356"}],"wp:term":[{"taxonomy":"category","embeddable":true,"href":"https:\/\/www.bahiananoticias.com.br\/v1\/wp-json\/wp\/v2\/categories?post=23356"},{"taxonomy":"post_tag","embeddable":true,"href":"https:\/\/www.bahiananoticias.com.br\/v1\/wp-json\/wp\/v2\/tags?post=23356"}],"curies":[{"name":"wp","href":"https:\/\/api.w.org\/{rel}","templated":true}]}}