{"id":23280,"date":"2026-04-07T18:44:51","date_gmt":"2026-04-07T21:44:51","guid":{"rendered":"https:\/\/www.bahiananoticias.com.br\/v1\/?p=23280"},"modified":"2026-04-07T18:44:51","modified_gmt":"2026-04-07T21:44:51","slug":"marao-destaca-importancia-de-mais-investimentos-na-saude","status":"publish","type":"post","link":"https:\/\/www.bahiananoticias.com.br\/v1\/2026\/04\/07\/marao-destaca-importancia-de-mais-investimentos-na-saude\/","title":{"rendered":"Mar\u00e3o destaca import\u00e2ncia de mais investimentos na sa\u00fade"},"content":{"rendered":"<p><img decoding=\"async\" loading=\"lazy\" class=\"alignnone size-full wp-image-23281\" src=\"http:\/\/www.bahiananoticias.com.br\/v1\/wp-content\/uploads\/2026\/04\/b8d33816-9d67-4113-8a4a-d2f0ce641486.jpeg\" alt=\"\" width=\"600\" height=\"398\" srcset=\"https:\/\/www.bahiananoticias.com.br\/v1\/wp-content\/uploads\/2026\/04\/b8d33816-9d67-4113-8a4a-d2f0ce641486.jpeg 600w, https:\/\/www.bahiananoticias.com.br\/v1\/wp-content\/uploads\/2026\/04\/b8d33816-9d67-4113-8a4a-d2f0ce641486-300x199.jpeg 300w\" sizes=\"(max-width: 600px) 100vw, 600px\" \/><\/p>\n<p>Na data em que se comemora o Dia Mundial da Sa\u00fade, o ex-prefeito de Ilh\u00e9us, Mario Alexandre, Mar\u00e3o, destacou os investimentos realizados pelos governos municipal, estadual e federal no per\u00edodo de 2017 a 2024 e ressaltou a necessidade de ampliar ainda mais os atendimentos nessa \u00e1rea. \u2018Hoje \u00e9 o Dia Mundial da Sa\u00fade e eu s\u00f3 tenho gratid\u00e3o a Deus por tudo que conseguimos construir nesse setor em nossa amada Ilh\u00e9us\u201d.<\/p>\n<p>Mar\u00e3o informou que quando iniciou a gest\u00e3o, em 2017, a Aten\u00e7\u00e3o Prim\u00e1ria registrava cerca de 33 mil atendimentos. Em 2024, esse n\u00famero chegou a mais de 500 mil atendimentos, um crescimento de aproximadamente 1.400%.<\/p>\n<p>Isso mostra, segundo o ex-prefeito, que com trabalho, compromisso e cuidado com as pessoas, \u00e9 poss\u00edvel transformar a sa\u00fade p\u00fablica e ampliar o acesso da popula\u00e7\u00e3o aos servi\u00e7os.<\/p>\n<p>Celebrado todos os anos em 7 de abril, o Dia Mundial da Sa\u00fade \u00e9 uma data importante para a reflex\u00e3o sobre a ado\u00e7\u00e3o de h\u00e1bitos e cuidados que proporcionem a qualidade de vida \u00e0 popula\u00e7\u00e3o. \u201cE nos seguimos firmes, trabalhando sempre para cuidar cada vez mais da nossa gente\u201d, garantiu Mar\u00e3o.<\/p>\n","protected":false},"excerpt":{"rendered":"<p>Na data em que se comemora o Dia Mundial da Sa\u00fade, o ex-prefeito de Ilh\u00e9us, Mario Alexandre, Mar\u00e3o, destacou os investimentos realizados pelos governos municipal, estadual e federal no per\u00edodo de 2017 a 2024 e ressaltou a necessidade de ampliar ainda mais os atendimentos nessa \u00e1rea. \u2018Hoje \u00e9 o Dia Mundial da Sa\u00fade e eu [&hellip;]<\/p>\n","protected":false},"author":3,"featured_media":23281,"comment_status":"closed","ping_status":"closed","sticky":false,"template":"","format":"standard","meta":{"_links_to":"","_links_to_target":""},"categories":[2],"tags":[],"views":35,"_links":{"self":[{"href":"https:\/\/www.bahiananoticias.com.br\/v1\/wp-json\/wp\/v2\/posts\/23280"}],"collection":[{"href":"https:\/\/www.bahiananoticias.com.br\/v1\/wp-json\/wp\/v2\/posts"}],"about":[{"href":"https:\/\/www.bahiananoticias.com.br\/v1\/wp-json\/wp\/v2\/types\/post"}],"author":[{"embeddable":true,"href":"https:\/\/www.bahiananoticias.com.br\/v1\/wp-json\/wp\/v2\/users\/3"}],"replies":[{"embeddable":true,"href":"https:\/\/www.bahiananoticias.com.br\/v1\/wp-json\/wp\/v2\/comments?post=23280"}],"version-history":[{"count":1,"href":"https:\/\/www.bahiananoticias.com.br\/v1\/wp-json\/wp\/v2\/posts\/23280\/revisions"}],"predecessor-version":[{"id":23282,"href":"https:\/\/www.bahiananoticias.com.br\/v1\/wp-json\/wp\/v2\/posts\/23280\/revisions\/23282"}],"wp:featuredmedia":[{"embeddable":true,"href":"https:\/\/www.bahiananoticias.com.br\/v1\/wp-json\/wp\/v2\/media\/23281"}],"wp:attachment":[{"href":"https:\/\/www.bahiananoticias.com.br\/v1\/wp-json\/wp\/v2\/media?parent=23280"}],"wp:term":[{"taxonomy":"category","embeddable":true,"href":"https:\/\/www.bahiananoticias.com.br\/v1\/wp-json\/wp\/v2\/categories?post=23280"},{"taxonomy":"post_tag","embeddable":true,"href":"https:\/\/www.bahiananoticias.com.br\/v1\/wp-json\/wp\/v2\/tags?post=23280"}],"curies":[{"name":"wp","href":"https:\/\/api.w.org\/{rel}","templated":true}]}}