{"id":23238,"date":"2026-03-27T12:08:49","date_gmt":"2026-03-27T15:08:49","guid":{"rendered":"https:\/\/www.bahiananoticias.com.br\/v1\/?p=23238"},"modified":"2026-03-27T12:08:49","modified_gmt":"2026-03-27T15:08:49","slug":"audiencia-publica-na-camara-de-ilheus-aponta-caminhos-para-o-fortalecimento-da-cadeia-do-cacau-2","status":"publish","type":"post","link":"https:\/\/www.bahiananoticias.com.br\/v1\/2026\/03\/27\/audiencia-publica-na-camara-de-ilheus-aponta-caminhos-para-o-fortalecimento-da-cadeia-do-cacau-2\/","title":{"rendered":"Audi\u00eancia p\u00fablica na C\u00e2mara de Ilh\u00e9us aponta caminhos para o fortalecimento da cadeia do cacau"},"content":{"rendered":"<p><img decoding=\"async\" loading=\"lazy\" class=\"alignnone size-full wp-image-23239\" src=\"http:\/\/www.bahiananoticias.com.br\/v1\/wp-content\/uploads\/2026\/03\/E69851FF-38BF-4684-A8FD-E74E1E3D2612.jpeg\" alt=\"\" width=\"400\" height=\"500\" srcset=\"https:\/\/www.bahiananoticias.com.br\/v1\/wp-content\/uploads\/2026\/03\/E69851FF-38BF-4684-A8FD-E74E1E3D2612.jpeg 400w, https:\/\/www.bahiananoticias.com.br\/v1\/wp-content\/uploads\/2026\/03\/E69851FF-38BF-4684-A8FD-E74E1E3D2612-240x300.jpeg 240w\" sizes=\"(max-width: 400px) 100vw, 400px\" \/><\/p>\n<p>A C\u00e2mara Municipal de Ilh\u00e9us (CMI) realizou, nesta quinta-feira (26\/03), uma audi\u00eancia p\u00fablica t\u00e9cnica para debater a cadeia produtiva do cacau, com a presen\u00e7a de lideran\u00e7as pol\u00edticas nacionais, estaduais e municipais, al\u00e9m de pesquisadores do tema e representantes de entidades ligadas \u00e0 produ\u00e7\u00e3o cacaueira. Na ocasi\u00e3o, foram discutidas diversas estrat\u00e9gias de fortalecimento da cacauicultura n\u00e3o apenas no munic\u00edpio, mas em toda a regi\u00e3o sul da Bahia.<\/p>\n<p>Entre as ideias, est\u00e3o a cria\u00e7\u00e3o de um fundo para financiar a\u00e7\u00f5es estruturantes para o setor; a articula\u00e7\u00e3o suprapartid\u00e1ria de diversas for\u00e7as pol\u00edticas, especialmente para a susta\u00e7\u00e3o de atos prejudiciais e formula\u00e7\u00e3o de uma pol\u00edtica nacional, estadual e municipal em defesa do cacau; o fortalecimento da Ceplac (Comiss\u00e3o Executiva do Plano da Lavoura Cacaueira); a articula\u00e7\u00e3o para incluir o cacau na alimenta\u00e7\u00e3o escolar; a cria\u00e7\u00e3o de conselhos e cooperativas; entre outras.<\/p>\n<p>Todas as sugest\u00f5es integram a \u2018Carta do Cacau: o Manifesto de Ilh\u00e9us\u2019, elaborada e aprovada durante a atividade. O documento, que ser\u00e1 distribu\u00eddo \u00e0s autoridades de todos os n\u00edveis e \u00e0 sociedade civil, tamb\u00e9m apresenta um diagn\u00f3stico sobre a cadeia produtiva do cacau, que \u201cenfrenta uma crise estrutural que amea\u00e7a a soberania nacional\u201d.<\/p>\n<p>Entre os debatedores, estiveram a deputada federal L\u00eddice da Mata (PSB\/BA); Guilherme Moura (FAEB); os deputados estaduais Jos\u00e9 de Arimateia (PRB) e Eduardo Salles (PP) \u2013 este \u00faltimo esteve virtualmente; a vice-prefeita Wanessa Gedeon; Vanuza Barroso (ANPC); o secret\u00e1rio municipal de Agricultura, Milton Andrade; o vereador Hor\u00e1cio do P\u00e3o, da Comiss\u00e3o de Agricultura da CMI; Assis Pinheiro Filho (Seagri); e Paulo Marrocos (Ceplac).<\/p>\n<p>A audi\u00eancia p\u00fablica foi conduzida pelo presidente da CMI, vereador C\u00e9sar Porto (PP), autor do requerimento, aprovado pelo Plen\u00e1rio, que deu origem ao evento. Durante o encontro, o edil tamb\u00e9m apresentou uma Proposta de Emenda \u00e0 Lei Org\u00e2nica do Munic\u00edpio que torna dever da C\u00e2mara Municipal realizar uma audi\u00eancia p\u00fablica t\u00e9cnica sobre a economia da cultura do cacau todos os anos, sempre no dia 26 de mar\u00e7o.<\/p>\n<p>\u201cA crise da cadeia produtiva do cacau n\u00e3o come\u00e7ou hoje. Ela vem se arrastando h\u00e1 anos. E o que faltou, muitas vezes, foi decis\u00e3o pol\u00edtica, prioridade e a\u00e7\u00e3o coordenada. E \u00e9 justamente isso que esta audi\u00eancia representa: uma mudan\u00e7a de postura\u201d, afirmou o presidente da CMI.<\/p>\n<p>Tamb\u00e9m participaram da atividade os vereadores Professor Gurita (PSD), R\u00fabia Carvalho (AGIR), K\u00eako Pizza (DC), Neto da Sa\u00fade (DEM), Odailson Aranha (PODE), Maur\u00edcio Galv\u00e3o (PSB) e Josemar Cardoso (PRB).<\/p>\n<p>O debate foi gravado e pode ser assistido na TV C\u00e2mara de Ilh\u00e9us, no Youtube (https:\/\/www.youtube.com\/@camarailheus4494).<\/p>\n","protected":false},"excerpt":{"rendered":"<p>A C\u00e2mara Municipal de Ilh\u00e9us (CMI) realizou, nesta quinta-feira (26\/03), uma audi\u00eancia p\u00fablica t\u00e9cnica para debater a cadeia produtiva do cacau, com a presen\u00e7a de lideran\u00e7as pol\u00edticas nacionais, estaduais e municipais, al\u00e9m de pesquisadores do tema e representantes de entidades ligadas \u00e0 produ\u00e7\u00e3o cacaueira. Na ocasi\u00e3o, foram discutidas diversas estrat\u00e9gias de fortalecimento da cacauicultura n\u00e3o [&hellip;]<\/p>\n","protected":false},"author":3,"featured_media":23239,"comment_status":"closed","ping_status":"closed","sticky":false,"template":"","format":"standard","meta":{"_links_to":"","_links_to_target":""},"categories":[1],"tags":[],"views":48,"_links":{"self":[{"href":"https:\/\/www.bahiananoticias.com.br\/v1\/wp-json\/wp\/v2\/posts\/23238"}],"collection":[{"href":"https:\/\/www.bahiananoticias.com.br\/v1\/wp-json\/wp\/v2\/posts"}],"about":[{"href":"https:\/\/www.bahiananoticias.com.br\/v1\/wp-json\/wp\/v2\/types\/post"}],"author":[{"embeddable":true,"href":"https:\/\/www.bahiananoticias.com.br\/v1\/wp-json\/wp\/v2\/users\/3"}],"replies":[{"embeddable":true,"href":"https:\/\/www.bahiananoticias.com.br\/v1\/wp-json\/wp\/v2\/comments?post=23238"}],"version-history":[{"count":1,"href":"https:\/\/www.bahiananoticias.com.br\/v1\/wp-json\/wp\/v2\/posts\/23238\/revisions"}],"predecessor-version":[{"id":23240,"href":"https:\/\/www.bahiananoticias.com.br\/v1\/wp-json\/wp\/v2\/posts\/23238\/revisions\/23240"}],"wp:featuredmedia":[{"embeddable":true,"href":"https:\/\/www.bahiananoticias.com.br\/v1\/wp-json\/wp\/v2\/media\/23239"}],"wp:attachment":[{"href":"https:\/\/www.bahiananoticias.com.br\/v1\/wp-json\/wp\/v2\/media?parent=23238"}],"wp:term":[{"taxonomy":"category","embeddable":true,"href":"https:\/\/www.bahiananoticias.com.br\/v1\/wp-json\/wp\/v2\/categories?post=23238"},{"taxonomy":"post_tag","embeddable":true,"href":"https:\/\/www.bahiananoticias.com.br\/v1\/wp-json\/wp\/v2\/tags?post=23238"}],"curies":[{"name":"wp","href":"https:\/\/api.w.org\/{rel}","templated":true}]}}