{"id":23207,"date":"2026-03-22T18:02:05","date_gmt":"2026-03-22T21:02:05","guid":{"rendered":"https:\/\/www.bahiananoticias.com.br\/v1\/?p=23207"},"modified":"2026-03-22T18:02:05","modified_gmt":"2026-03-22T21:02:05","slug":"thiago-martins-deixa-presidencia-do-maramata-sem-citar-prefeito-valderico-e-anuncia-pre-candidatura","status":"publish","type":"post","link":"https:\/\/www.bahiananoticias.com.br\/v1\/2026\/03\/22\/thiago-martins-deixa-presidencia-do-maramata-sem-citar-prefeito-valderico-e-anuncia-pre-candidatura\/","title":{"rendered":"THIAGO MARTINS DEIXA PRESID\u00caNCIA DO MARAMATA SEM CITAR PREFEITO VALDERICO E ANUNCIA PRE-CANDIDATURA"},"content":{"rendered":"<p><img decoding=\"async\" loading=\"lazy\" class=\"alignnone size-full wp-image-23208\" src=\"http:\/\/www.bahiananoticias.com.br\/v1\/wp-content\/uploads\/2026\/03\/IMG_5679.jpeg\" alt=\"\" width=\"600\" height=\"500\" srcset=\"https:\/\/www.bahiananoticias.com.br\/v1\/wp-content\/uploads\/2026\/03\/IMG_5679.jpeg 600w, https:\/\/www.bahiananoticias.com.br\/v1\/wp-content\/uploads\/2026\/03\/IMG_5679-300x250.jpeg 300w\" sizes=\"(max-width: 600px) 100vw, 600px\" \/><\/p>\n<p><em><strong>Em post nas redes sociais, presidente do PL em Ilh\u00e9us agradeceu a colaboradores e apoiadores, mas n\u00e3o mencionou o chefe do Executivo municipal, respons\u00e1vel por sua nomea\u00e7\u00e3o ao cargo<\/strong><\/em><\/p>\n<p>Com um tom de encerramento de ciclo e proje\u00e7\u00e3o de novos voos pol\u00edticos, o presidente do Museu do Mar e da Mata (Maramata) e atual presidente do diret\u00f3rio do Partido Liberal (PL) em Ilh\u00e9us, Thiago Martins, anunciou nesta semana sua desincompatibiliza\u00e7\u00e3o da gest\u00e3o da institui\u00e7\u00e3o. A publica\u00e7\u00e3o, feita em suas redes sociais, ocorre a poucos dias do prazo final para que agentes p\u00fablicos ocupantes de cargos comissionados se afastem das fun\u00e7\u00f5es visando a disputa eleitoral deste ano.<\/p>\n<p>Na mensagem, Thiago Martins afirma que se desincompatibiliza no dia 31 e descreve a passagem pelo Maramata como \u201cum dos ciclos mais importantes da minha vida p\u00fablica\u201d. Ele agradece a \u201cprofunda gratid\u00e3o por cada experi\u00eancia vivida e por todas as pessoas que caminharam ao nosso lado nessa miss\u00e3o\u201d. Em nenhum momento, por\u00e9m, o nome do prefeito Valderico J\u00fanior (Uni\u00e3o Brasil) \u00e9 mencionado.<\/p>\n<p>A aus\u00eancia de agradecimento ao chefe do Executivo municipal ganha relevo diante do hist\u00f3rico recente. Valderico J\u00fanior foi quem nomeou Thiago Martins para a presid\u00eancia do museu, um cargo de alto escal\u00e3o na estrutura da administra\u00e7\u00e3o p\u00fablica municipal. Nos \u00faltimos meses, no entanto, a rela\u00e7\u00e3o entre os dois se tornou tensa. Thiago, que tamb\u00e9m preside o PL em Ilh\u00e9us, tem feito cr\u00edticas p\u00fablicas \u00e0 gest\u00e3o do prefeito, alinhando-se a um discurso de oposi\u00e7\u00e3o e se aproximando de lideran\u00e7as estaduais do partido.<\/p>\n<p>O movimento de desincompatibiliza\u00e7\u00e3o e o an\u00fancio da pr\u00e9-candidatura a deputado estadual pelo PL escancaram o afastamento pol\u00edtico entre os antigos aliados. No mesmo texto, Thiago refor\u00e7a sua disposi\u00e7\u00e3o para a disputa: \u201cQuero levar para a Assembleia a voz de Ilh\u00e9us e de toda a nossa regi\u00e3o, defendendo com coragem as demandas reais do nosso povo.\u201d<\/p>\n<p>Aliados do prefeito ouvidos reservadamente avaliaram que a publica\u00e7\u00e3o confirma o rompimento e a tentativa de Thiago Martins de construir uma base eleitoral independente, sem vincula\u00e7\u00e3o com a atual administra\u00e7\u00e3o municipal. J\u00e1 apoiadores do presidente do PL interpretam a postagem como um gesto de autonomia e alinhamento com as diretrizes da legenda.<\/p>\n<p>A desincompatibiliza\u00e7\u00e3o do cargo no Maramata ocorre dentro do prazo estabelecido pela legisla\u00e7\u00e3o eleitoral para quem pretende concorrer ao pleito de outubro. Com a pr\u00e9-candidatura lan\u00e7ada, Thiago Martins passa a se dedicar integralmente \u00e0 articula\u00e7\u00e3o pol\u00edtica na regi\u00e3o sul da Bahia, onde dever\u00e1 percorrer munic\u00edpios em busca de apoio para a campanha \u00e0 Assembleia Legislativa.<\/p>\n<p><img decoding=\"async\" loading=\"lazy\" class=\"alignnone size-full wp-image-23209\" src=\"http:\/\/www.bahiananoticias.com.br\/v1\/wp-content\/uploads\/2026\/03\/816FAAEF-DED3-44E7-B845-5E5195257CEA.jpeg\" alt=\"\" width=\"311\" height=\"500\" srcset=\"https:\/\/www.bahiananoticias.com.br\/v1\/wp-content\/uploads\/2026\/03\/816FAAEF-DED3-44E7-B845-5E5195257CEA.jpeg 311w, https:\/\/www.bahiananoticias.com.br\/v1\/wp-content\/uploads\/2026\/03\/816FAAEF-DED3-44E7-B845-5E5195257CEA-187x300.jpeg 187w\" sizes=\"(max-width: 311px) 100vw, 311px\" \/><\/p>\n<p>informa\u00e7\u00f5es: o tabuleiro<\/p>\n","protected":false},"excerpt":{"rendered":"<p>Em post nas redes sociais, presidente do PL em Ilh\u00e9us agradeceu a colaboradores e apoiadores, mas n\u00e3o mencionou o chefe do Executivo municipal, respons\u00e1vel por sua nomea\u00e7\u00e3o ao cargo Com um tom de encerramento de ciclo e proje\u00e7\u00e3o de novos voos pol\u00edticos, o presidente do Museu do Mar e da Mata (Maramata) e atual presidente [&hellip;]<\/p>\n","protected":false},"author":3,"featured_media":23208,"comment_status":"closed","ping_status":"closed","sticky":false,"template":"","format":"standard","meta":{"_links_to":"","_links_to_target":""},"categories":[10],"tags":[],"views":30,"_links":{"self":[{"href":"https:\/\/www.bahiananoticias.com.br\/v1\/wp-json\/wp\/v2\/posts\/23207"}],"collection":[{"href":"https:\/\/www.bahiananoticias.com.br\/v1\/wp-json\/wp\/v2\/posts"}],"about":[{"href":"https:\/\/www.bahiananoticias.com.br\/v1\/wp-json\/wp\/v2\/types\/post"}],"author":[{"embeddable":true,"href":"https:\/\/www.bahiananoticias.com.br\/v1\/wp-json\/wp\/v2\/users\/3"}],"replies":[{"embeddable":true,"href":"https:\/\/www.bahiananoticias.com.br\/v1\/wp-json\/wp\/v2\/comments?post=23207"}],"version-history":[{"count":1,"href":"https:\/\/www.bahiananoticias.com.br\/v1\/wp-json\/wp\/v2\/posts\/23207\/revisions"}],"predecessor-version":[{"id":23210,"href":"https:\/\/www.bahiananoticias.com.br\/v1\/wp-json\/wp\/v2\/posts\/23207\/revisions\/23210"}],"wp:featuredmedia":[{"embeddable":true,"href":"https:\/\/www.bahiananoticias.com.br\/v1\/wp-json\/wp\/v2\/media\/23208"}],"wp:attachment":[{"href":"https:\/\/www.bahiananoticias.com.br\/v1\/wp-json\/wp\/v2\/media?parent=23207"}],"wp:term":[{"taxonomy":"category","embeddable":true,"href":"https:\/\/www.bahiananoticias.com.br\/v1\/wp-json\/wp\/v2\/categories?post=23207"},{"taxonomy":"post_tag","embeddable":true,"href":"https:\/\/www.bahiananoticias.com.br\/v1\/wp-json\/wp\/v2\/tags?post=23207"}],"curies":[{"name":"wp","href":"https:\/\/api.w.org\/{rel}","templated":true}]}}