{"id":23186,"date":"2026-03-17T21:20:19","date_gmt":"2026-03-18T00:20:19","guid":{"rendered":"https:\/\/www.bahiananoticias.com.br\/v1\/?p=23186"},"modified":"2026-03-17T21:20:19","modified_gmt":"2026-03-18T00:20:19","slug":"vereadores-mauricio-galvao-e-enilda-mendonca-acionam-ministerio-publico-por-falta-de-merenda-em-ilheus","status":"publish","type":"post","link":"https:\/\/www.bahiananoticias.com.br\/v1\/2026\/03\/17\/vereadores-mauricio-galvao-e-enilda-mendonca-acionam-ministerio-publico-por-falta-de-merenda-em-ilheus\/","title":{"rendered":"Vereadores Maur\u00edcio Galv\u00e3o e Enilda Mendon\u00e7a acionam Minist\u00e9rio P\u00fablico por falta de merenda em Ilh\u00e9us"},"content":{"rendered":"<p><img decoding=\"async\" loading=\"lazy\" class=\"alignnone size-full wp-image-23187\" src=\"http:\/\/www.bahiananoticias.com.br\/v1\/wp-content\/uploads\/2026\/03\/C84088ED-D3DA-4D4A-A90A-F1C20B717967.jpeg\" alt=\"\" width=\"314\" height=\"500\" srcset=\"https:\/\/www.bahiananoticias.com.br\/v1\/wp-content\/uploads\/2026\/03\/C84088ED-D3DA-4D4A-A90A-F1C20B717967.jpeg 314w, https:\/\/www.bahiananoticias.com.br\/v1\/wp-content\/uploads\/2026\/03\/C84088ED-D3DA-4D4A-A90A-F1C20B717967-188x300.jpeg 188w\" sizes=\"(max-width: 314px) 100vw, 314px\" \/><\/p>\n<p>Diante da crise no abastecimento de merenda escolar na rede municipal de Ilh\u00e9us, o vereador Maur\u00edcio Galv\u00e3o (PSB) e a vereadora Enilda Mendon\u00e7a (PT) formalizaram, nesta semana, uma den\u00fancia conjunta ao Minist\u00e9rio P\u00fablico da Bahia (MP-BA), ao Tribunal de Contas e \u00e0 Vara da Inf\u00e2ncia e Juventude.<\/p>\n<p>A medida foi tomada ap\u00f3s sucessivas tentativas de obter informa\u00e7\u00f5es e solu\u00e7\u00f5es junto \u00e0 Prefeitura, que n\u00e3o apresentou respostas sobre a aus\u00eancia de alimentos nas unidades de ensino. \u201cTenho visitado escolas diariamente e visto de perto a realidade dos alunos. Nossa luta tem sido para garantir uma merenda escolar digna. Diante da falta de respostas do Poder Executivo, a \u00fanica solu\u00e7\u00e3o foi denunciar para assegurar um direito b\u00e1sico das nossas crian\u00e7as\u201d, afirmou Maur\u00edcio Galv\u00e3o.<\/p>\n<p>A vereadora Enilda Mendon\u00e7a refor\u00e7ou que a seguran\u00e7a alimentar dos alunos \u00e9 prioridade e que a fiscaliza\u00e7\u00e3o seguir\u00e1 rigorosa at\u00e9 que o servi\u00e7o seja normalizado. A den\u00fancia aponta que a falta de merenda compromete n\u00e3o apenas a nutri\u00e7\u00e3o, mas tamb\u00e9m o rendimento escolar e a perman\u00eancia dos estudantes em sala de aula.<\/p>\n<p>Com a abertura do processo nos \u00f3rg\u00e3os de controle, a expectativa \u00e9 que a Prefeitura seja obrigada a regularizar o fornecimento de forma imediata, sob pena de san\u00e7\u00f5es administrativas e judiciais.<\/p>\n","protected":false},"excerpt":{"rendered":"<p>Diante da crise no abastecimento de merenda escolar na rede municipal de Ilh\u00e9us, o vereador Maur\u00edcio Galv\u00e3o (PSB) e a vereadora Enilda Mendon\u00e7a (PT) formalizaram, nesta semana, uma den\u00fancia conjunta ao Minist\u00e9rio P\u00fablico da Bahia (MP-BA), ao Tribunal de Contas e \u00e0 Vara da Inf\u00e2ncia e Juventude. A medida foi tomada ap\u00f3s sucessivas tentativas de [&hellip;]<\/p>\n","protected":false},"author":3,"featured_media":23187,"comment_status":"closed","ping_status":"closed","sticky":false,"template":"","format":"standard","meta":{"_links_to":"","_links_to_target":""},"categories":[10],"tags":[],"views":74,"_links":{"self":[{"href":"https:\/\/www.bahiananoticias.com.br\/v1\/wp-json\/wp\/v2\/posts\/23186"}],"collection":[{"href":"https:\/\/www.bahiananoticias.com.br\/v1\/wp-json\/wp\/v2\/posts"}],"about":[{"href":"https:\/\/www.bahiananoticias.com.br\/v1\/wp-json\/wp\/v2\/types\/post"}],"author":[{"embeddable":true,"href":"https:\/\/www.bahiananoticias.com.br\/v1\/wp-json\/wp\/v2\/users\/3"}],"replies":[{"embeddable":true,"href":"https:\/\/www.bahiananoticias.com.br\/v1\/wp-json\/wp\/v2\/comments?post=23186"}],"version-history":[{"count":1,"href":"https:\/\/www.bahiananoticias.com.br\/v1\/wp-json\/wp\/v2\/posts\/23186\/revisions"}],"predecessor-version":[{"id":23188,"href":"https:\/\/www.bahiananoticias.com.br\/v1\/wp-json\/wp\/v2\/posts\/23186\/revisions\/23188"}],"wp:featuredmedia":[{"embeddable":true,"href":"https:\/\/www.bahiananoticias.com.br\/v1\/wp-json\/wp\/v2\/media\/23187"}],"wp:attachment":[{"href":"https:\/\/www.bahiananoticias.com.br\/v1\/wp-json\/wp\/v2\/media?parent=23186"}],"wp:term":[{"taxonomy":"category","embeddable":true,"href":"https:\/\/www.bahiananoticias.com.br\/v1\/wp-json\/wp\/v2\/categories?post=23186"},{"taxonomy":"post_tag","embeddable":true,"href":"https:\/\/www.bahiananoticias.com.br\/v1\/wp-json\/wp\/v2\/tags?post=23186"}],"curies":[{"name":"wp","href":"https:\/\/api.w.org\/{rel}","templated":true}]}}