{"id":23182,"date":"2026-03-17T19:33:26","date_gmt":"2026-03-17T22:33:26","guid":{"rendered":"https:\/\/www.bahiananoticias.com.br\/v1\/?p=23182"},"modified":"2026-03-17T19:35:50","modified_gmt":"2026-03-17T22:35:50","slug":"seguranca-operacoes-no-extremo-sul-da-bahia-prendem-3-foragidos-e-apreendem-fuzil","status":"publish","type":"post","link":"https:\/\/www.bahiananoticias.com.br\/v1\/2026\/03\/17\/seguranca-operacoes-no-extremo-sul-da-bahia-prendem-3-foragidos-e-apreendem-fuzil\/","title":{"rendered":"SEGURAN\u00c7A OPERA\u00c7\u00d5ES NO EXTREMO SUL DA BAHIA PRENDEM 3 FORAGIDOS E APREENDEM FUZIL"},"content":{"rendered":"<p style=\"text-align: right;\"><img decoding=\"async\" loading=\"lazy\" class=\"alignnone size-full wp-image-23181\" src=\"http:\/\/www.bahiananoticias.com.br\/v1\/wp-content\/uploads\/2026\/03\/49ebca02-019f-4b19-9b07-aaa891bc681a.jpeg\" alt=\"\" width=\"600\" height=\"445\" srcset=\"https:\/\/www.bahiananoticias.com.br\/v1\/wp-content\/uploads\/2026\/03\/49ebca02-019f-4b19-9b07-aaa891bc681a.jpeg 600w, https:\/\/www.bahiananoticias.com.br\/v1\/wp-content\/uploads\/2026\/03\/49ebca02-019f-4b19-9b07-aaa891bc681a-300x223.jpeg 300w\" sizes=\"(max-width: 600px) 100vw, 600px\" \/>Uma grande for\u00e7a-tarefa envolvendo a <a href=\"chatgpt:\/\/generic-entity?number=0\">Pol\u00edcia Federal<\/a>, <a href=\"chatgpt:\/\/generic-entity?number=1\">Pol\u00edcia Rodovi\u00e1ria Federal<\/a>, a <a href=\"chatgpt:\/\/generic-entity?number=2\">Secretaria da Seguran\u00e7a P\u00fablica da Bahia<\/a> e a <a href=\"chatgpt:\/\/generic-entity?number=3\">For\u00e7a Nacional de Seguran\u00e7a P\u00fablica<\/a> deflagrou, na manh\u00e3 desta ter\u00e7a-feira (17), duas opera\u00e7\u00f5es integradas no Extremo Sul da Bahia.<\/p>\n<p>Batizadas de Sombras da Mata II e Tek\u00f3 Por\u00e3 II, as a\u00e7\u00f5es t\u00eam como alvo grupos investigados por uma s\u00e9rie de crimes, incluindo invas\u00f5es de terra, porte ilegal de armas, homic\u00eddios, amea\u00e7as, c\u00e1rcere privado, roubos e tentativa de homic\u00eddio.<\/p>\n<p><img decoding=\"async\" loading=\"lazy\" class=\"alignnone size-full wp-image-23180\" src=\"http:\/\/www.bahiananoticias.com.br\/v1\/wp-content\/uploads\/2026\/03\/56b94f2f-26d2-4a29-9b35-0bb5b23add99.jpeg\" alt=\"\" width=\"600\" height=\"450\" srcset=\"https:\/\/www.bahiananoticias.com.br\/v1\/wp-content\/uploads\/2026\/03\/56b94f2f-26d2-4a29-9b35-0bb5b23add99.jpeg 600w, https:\/\/www.bahiananoticias.com.br\/v1\/wp-content\/uploads\/2026\/03\/56b94f2f-26d2-4a29-9b35-0bb5b23add99-300x225.jpeg 300w\" sizes=\"(max-width: 600px) 100vw, 600px\" \/><\/p>\n<p>As ordens judiciais foram expedidas pela Justi\u00e7a Federal da subse\u00e7\u00e3o de <a href=\"chatgpt:\/\/generic-entity?number=4\">Teixeira de Freitas<\/a> e est\u00e3o sendo cumpridas em munic\u00edpios como <a href=\"chatgpt:\/\/generic-entity?number=5\">Porto Seguro<\/a> e <a href=\"chatgpt:\/\/generic-entity?number=6\">Prado<\/a>.<\/p>\n<p><strong>\ud83d\udccc RESULTADOS PARCIAIS<\/strong><\/p>\n<p>At\u00e9 o momento, tr\u00eas foragidos da Justi\u00e7a foram capturados durante as a\u00e7\u00f5es integradas.<\/p>\n<p>Na regi\u00e3o de Barra Velha, em Porto Seguro, as equipes localizaram armamento pesado, incluindo:<\/p>\n<ul>\n<li>1 fuzil calibre 5,56<\/li>\n<li>2 armas calibre 12<\/li>\n<li>carregadores e muni\u00e7\u00f5es<\/li>\n<li>colete bal\u00edstico<\/li>\n<li>r\u00e1dios comunicadores<\/li>\n<\/ul>\n<p><strong>\ud83d\udccc FOCO DAS OPERA\u00c7\u00d5ES<\/strong><\/p>\n<p>A opera\u00e7\u00e3o Sombras da Mata II cumpre mandados contra suspeitos ligados a invas\u00f5es de terra e outros crimes graves.<\/p>\n<p>J\u00e1 a Tek\u00f3 Por\u00e3 II tem como objetivo atingir grupos armados envolvidos em ataques contra comunidades ind\u00edgenas em \u00e1reas rurais.<\/p>\n<p><img decoding=\"async\" loading=\"lazy\" class=\"alignnone size-full wp-image-23178\" src=\"http:\/\/www.bahiananoticias.com.br\/v1\/wp-content\/uploads\/2026\/03\/dfdc8ccd-dfb4-4c2a-9c4c-dfcbac97a895.jpeg\" alt=\"\" width=\"600\" height=\"270\" srcset=\"https:\/\/www.bahiananoticias.com.br\/v1\/wp-content\/uploads\/2026\/03\/dfdc8ccd-dfb4-4c2a-9c4c-dfcbac97a895.jpeg 600w, https:\/\/www.bahiananoticias.com.br\/v1\/wp-content\/uploads\/2026\/03\/dfdc8ccd-dfb4-4c2a-9c4c-dfcbac97a895-300x135.jpeg 300w\" sizes=\"(max-width: 600px) 100vw, 600px\" \/><\/p>\n<p>As for\u00e7as de seguran\u00e7a seguem mobilizadas e refor\u00e7adas na regi\u00e3o por tempo indeterminado, com novas a\u00e7\u00f5es previstas.<\/p>\n<p><img decoding=\"async\" loading=\"lazy\" class=\"alignnone size-full wp-image-23179\" src=\"http:\/\/www.bahiananoticias.com.br\/v1\/wp-content\/uploads\/2026\/03\/46e1d0ba-0b03-433e-b596-20964971ba2e.jpeg\" alt=\"\" width=\"600\" height=\"270\" srcset=\"https:\/\/www.bahiananoticias.com.br\/v1\/wp-content\/uploads\/2026\/03\/46e1d0ba-0b03-433e-b596-20964971ba2e.jpeg 600w, https:\/\/www.bahiananoticias.com.br\/v1\/wp-content\/uploads\/2026\/03\/46e1d0ba-0b03-433e-b596-20964971ba2e-300x135.jpeg 300w\" sizes=\"(max-width: 600px) 100vw, 600px\" \/><\/p>\n","protected":false},"excerpt":{"rendered":"<p>Uma grande for\u00e7a-tarefa envolvendo a Pol\u00edcia Federal, Pol\u00edcia Rodovi\u00e1ria Federal, a Secretaria da Seguran\u00e7a P\u00fablica da Bahia e a For\u00e7a Nacional de Seguran\u00e7a P\u00fablica deflagrou, na manh\u00e3 desta ter\u00e7a-feira (17), duas opera\u00e7\u00f5es integradas no Extremo Sul da Bahia. Batizadas de Sombras da Mata II e Tek\u00f3 Por\u00e3 II, as a\u00e7\u00f5es t\u00eam como alvo grupos investigados [&hellip;]<\/p>\n","protected":false},"author":3,"featured_media":23181,"comment_status":"closed","ping_status":"closed","sticky":false,"template":"","format":"standard","meta":{"_links_to":"","_links_to_target":""},"categories":[8],"tags":[],"views":61,"_links":{"self":[{"href":"https:\/\/www.bahiananoticias.com.br\/v1\/wp-json\/wp\/v2\/posts\/23182"}],"collection":[{"href":"https:\/\/www.bahiananoticias.com.br\/v1\/wp-json\/wp\/v2\/posts"}],"about":[{"href":"https:\/\/www.bahiananoticias.com.br\/v1\/wp-json\/wp\/v2\/types\/post"}],"author":[{"embeddable":true,"href":"https:\/\/www.bahiananoticias.com.br\/v1\/wp-json\/wp\/v2\/users\/3"}],"replies":[{"embeddable":true,"href":"https:\/\/www.bahiananoticias.com.br\/v1\/wp-json\/wp\/v2\/comments?post=23182"}],"version-history":[{"count":3,"href":"https:\/\/www.bahiananoticias.com.br\/v1\/wp-json\/wp\/v2\/posts\/23182\/revisions"}],"predecessor-version":[{"id":23185,"href":"https:\/\/www.bahiananoticias.com.br\/v1\/wp-json\/wp\/v2\/posts\/23182\/revisions\/23185"}],"wp:featuredmedia":[{"embeddable":true,"href":"https:\/\/www.bahiananoticias.com.br\/v1\/wp-json\/wp\/v2\/media\/23181"}],"wp:attachment":[{"href":"https:\/\/www.bahiananoticias.com.br\/v1\/wp-json\/wp\/v2\/media?parent=23182"}],"wp:term":[{"taxonomy":"category","embeddable":true,"href":"https:\/\/www.bahiananoticias.com.br\/v1\/wp-json\/wp\/v2\/categories?post=23182"},{"taxonomy":"post_tag","embeddable":true,"href":"https:\/\/www.bahiananoticias.com.br\/v1\/wp-json\/wp\/v2\/tags?post=23182"}],"curies":[{"name":"wp","href":"https:\/\/api.w.org\/{rel}","templated":true}]}}