{"id":23175,"date":"2026-03-17T17:25:38","date_gmt":"2026-03-17T20:25:38","guid":{"rendered":"https:\/\/www.bahiananoticias.com.br\/v1\/?p=23175"},"modified":"2026-03-17T17:25:38","modified_gmt":"2026-03-17T20:25:38","slug":"ilheus-lanca-pacto-municipal-contra-o-feminicidio-e-fortalece-rede-de-protecao-as-mulheres","status":"publish","type":"post","link":"https:\/\/www.bahiananoticias.com.br\/v1\/2026\/03\/17\/ilheus-lanca-pacto-municipal-contra-o-feminicidio-e-fortalece-rede-de-protecao-as-mulheres\/","title":{"rendered":"Ilh\u00e9us lan\u00e7a Pacto Municipal Contra o Feminic\u00eddio e fortalece rede de prote\u00e7\u00e3o \u00e0s mulheres"},"content":{"rendered":"<p><img decoding=\"async\" loading=\"lazy\" class=\"alignnone size-full wp-image-20396\" src=\"http:\/\/www.bahiananoticias.com.br\/v1\/wp-content\/uploads\/2025\/10\/IMG_5394.jpeg\" alt=\"\" width=\"600\" height=\"438\" srcset=\"https:\/\/www.bahiananoticias.com.br\/v1\/wp-content\/uploads\/2025\/10\/IMG_5394.jpeg 600w, https:\/\/www.bahiananoticias.com.br\/v1\/wp-content\/uploads\/2025\/10\/IMG_5394-300x219.jpeg 300w\" sizes=\"(max-width: 600px) 100vw, 600px\" \/><\/p>\n<p>A C\u00e2mara de Vereadores de Ilh\u00e9us (CMI) sediar\u00e1, na segunda-feira (23\/03), \u00e0s 15h, a cerim\u00f4nia de lan\u00e7amento do Pacto Municipal Ilh\u00e9us Contra o Feminic\u00eddio, uma iniciativa que re\u00fane institui\u00e7\u00f5es p\u00fablicas para fortalecer o enfrentamento \u00e0 viol\u00eancia contra a mulher no munic\u00edpio. A assinatura vai acontecer durante uma audi\u00eancia p\u00fablica em alus\u00e3o ao Dia Internacional da Mulher, no plen\u00e1rio da Casa.<\/p>\n<p>A atividade \u00e9 conduzida pela Frente Parlamentar de Mulheres da C\u00e2mara de Ilh\u00e9us e marca a ades\u00e3o local ao movimento nacional de combate ao feminic\u00eddio, inspirado no Pacto Nacional Brasil Contra o Feminic\u00eddio, institu\u00eddo em 2023. Durante o evento, o documento ser\u00e1 assinado por representantes dos Poderes Legislativo, Executivo e Judici\u00e1rio, al\u00e9m do Minist\u00e9rio P\u00fablico, da Defensoria P\u00fablica e das for\u00e7as de seguran\u00e7a, como Pol\u00edcia Militar e Pol\u00edcia Civil.<\/p>\n<p>O Pacto Municipal tem como objetivo fortalecer a rede local de enfrentamento \u00e0 viol\u00eancia contra a mulher, promovendo a\u00e7\u00f5es coordenadas entre os \u00f3rg\u00e3os envolvidos. Entre as medidas previstas, est\u00e3o a produ\u00e7\u00e3o de relat\u00f3rios peri\u00f3dicos sobre a realidade da viol\u00eancia no munic\u00edpio, o desenvolvimento de a\u00e7\u00f5es educativas e a elabora\u00e7\u00e3o de estrat\u00e9gias que considerem as particularidades locais.<\/p>\n<p>Ao longo do m\u00eas de mar\u00e7o, representantes das institui\u00e7\u00f5es participantes v\u00eam realizando reuni\u00f5es de articula\u00e7\u00e3o para organizar o plano de a\u00e7\u00f5es do coletivo, que dever\u00e1 orientar as atividades voltadas \u00e0 preven\u00e7\u00e3o da viol\u00eancia e \u00e0 garantia de direitos das mulheres em Ilh\u00e9us.<\/p>\n<p>A cria\u00e7\u00e3o do Pacto \u00e9 considerada um avan\u00e7o na consolida\u00e7\u00e3o de pol\u00edticas p\u00fablicas voltadas \u00e0 prote\u00e7\u00e3o das mulheres e refor\u00e7a o compromisso das institui\u00e7\u00f5es locais com a promo\u00e7\u00e3o de uma sociedade mais segura, justa e igualit\u00e1ria.<\/p>\n","protected":false},"excerpt":{"rendered":"<p>A C\u00e2mara de Vereadores de Ilh\u00e9us (CMI) sediar\u00e1, na segunda-feira (23\/03), \u00e0s 15h, a cerim\u00f4nia de lan\u00e7amento do Pacto Municipal Ilh\u00e9us Contra o Feminic\u00eddio, uma iniciativa que re\u00fane institui\u00e7\u00f5es p\u00fablicas para fortalecer o enfrentamento \u00e0 viol\u00eancia contra a mulher no munic\u00edpio. A assinatura vai acontecer durante uma audi\u00eancia p\u00fablica em alus\u00e3o ao Dia Internacional da [&hellip;]<\/p>\n","protected":false},"author":3,"featured_media":20396,"comment_status":"closed","ping_status":"closed","sticky":false,"template":"","format":"standard","meta":{"_links_to":"","_links_to_target":""},"categories":[10],"tags":[],"views":37,"_links":{"self":[{"href":"https:\/\/www.bahiananoticias.com.br\/v1\/wp-json\/wp\/v2\/posts\/23175"}],"collection":[{"href":"https:\/\/www.bahiananoticias.com.br\/v1\/wp-json\/wp\/v2\/posts"}],"about":[{"href":"https:\/\/www.bahiananoticias.com.br\/v1\/wp-json\/wp\/v2\/types\/post"}],"author":[{"embeddable":true,"href":"https:\/\/www.bahiananoticias.com.br\/v1\/wp-json\/wp\/v2\/users\/3"}],"replies":[{"embeddable":true,"href":"https:\/\/www.bahiananoticias.com.br\/v1\/wp-json\/wp\/v2\/comments?post=23175"}],"version-history":[{"count":1,"href":"https:\/\/www.bahiananoticias.com.br\/v1\/wp-json\/wp\/v2\/posts\/23175\/revisions"}],"predecessor-version":[{"id":23176,"href":"https:\/\/www.bahiananoticias.com.br\/v1\/wp-json\/wp\/v2\/posts\/23175\/revisions\/23176"}],"wp:featuredmedia":[{"embeddable":true,"href":"https:\/\/www.bahiananoticias.com.br\/v1\/wp-json\/wp\/v2\/media\/20396"}],"wp:attachment":[{"href":"https:\/\/www.bahiananoticias.com.br\/v1\/wp-json\/wp\/v2\/media?parent=23175"}],"wp:term":[{"taxonomy":"category","embeddable":true,"href":"https:\/\/www.bahiananoticias.com.br\/v1\/wp-json\/wp\/v2\/categories?post=23175"},{"taxonomy":"post_tag","embeddable":true,"href":"https:\/\/www.bahiananoticias.com.br\/v1\/wp-json\/wp\/v2\/tags?post=23175"}],"curies":[{"name":"wp","href":"https:\/\/api.w.org\/{rel}","templated":true}]}}