{"id":23170,"date":"2026-03-17T15:06:23","date_gmt":"2026-03-17T18:06:23","guid":{"rendered":"https:\/\/www.bahiananoticias.com.br\/v1\/?p=23170"},"modified":"2026-03-17T15:09:44","modified_gmt":"2026-03-17T18:09:44","slug":"ilheus-saude-e-educacao-entram-na-mira-e-viram-teste-de-fogo-para-valderico","status":"publish","type":"post","link":"https:\/\/www.bahiananoticias.com.br\/v1\/2026\/03\/17\/ilheus-saude-e-educacao-entram-na-mira-e-viram-teste-de-fogo-para-valderico\/","title":{"rendered":"ILH\u00c9US: SA\u00daDE E EDUCA\u00c7\u00c3O E TRANSPORTE P\u00daBLICO ENTRAM NA MIRA E VIRAM TESTE DE FOGO PARA VALDERICO"},"content":{"rendered":"<h3><img decoding=\"async\" loading=\"lazy\" class=\"alignnone size-full wp-image-23171\" src=\"http:\/\/www.bahiananoticias.com.br\/v1\/wp-content\/uploads\/2026\/03\/e3bfa0fa-5e69-4978-96f2-6d34e7e386a6.jpeg\" alt=\"\" width=\"600\" height=\"415\" srcset=\"https:\/\/www.bahiananoticias.com.br\/v1\/wp-content\/uploads\/2026\/03\/e3bfa0fa-5e69-4978-96f2-6d34e7e386a6.jpeg 600w, https:\/\/www.bahiananoticias.com.br\/v1\/wp-content\/uploads\/2026\/03\/e3bfa0fa-5e69-4978-96f2-6d34e7e386a6-300x208.jpeg 300w\" sizes=\"(max-width: 600px) 100vw, 600px\" \/><\/h3>\n<hr \/>\n<p class=\"p1\"><span class=\"s1\">O prefeito de Ilh\u00e9us, Valderico J\u00fanior (UB), come\u00e7ou a ouvir de aliados um alerta que j\u00e1 circula com for\u00e7a nos bastidores do governo: as secretarias de Sa\u00fade e de Educa\u00e7\u00e3o se transformaram nas principais vitrines negativas da gest\u00e3o.<\/span><\/p>\n<p class=\"p1\"><span class=\"s1\">A avalia\u00e7\u00e3o dentro do pr\u00f3prio grupo pol\u00edtico \u00e9 que a condu\u00e7\u00e3o das duas pastas est\u00e1 abaixo do esperado e tem produzido desgaste em cadeia para o governo municipal.<\/span><\/p>\n<p class=\"p1\"><span class=\"s1\">Na Sa\u00fade, a secret\u00e1ria Sonilda Mello \u00e9 alvo de cr\u00edticas pela dificuldade em imprimir ritmo administrativo e dar respostas r\u00e1pidas a uma \u00e1rea que, por natureza, j\u00e1 opera sob press\u00e3o di\u00e1ria. A leitura entre integrantes do entorno do prefeito \u00e9 que a pasta n\u00e3o conseguiu acompanhar a velocidade pol\u00edtica exigida pelo governo.<\/span><\/p>\n<p class=\"p1\"><span class=\"s1\">Na Educa\u00e7\u00e3o, o diagn\u00f3stico \u00e9 semelhante. Mesmo ap\u00f3s mais de um ano, a secret\u00e1ria Evani Cavalcante ainda n\u00e3o conseguiu fazer a pasta engrenar no ritmo esperado pelo n\u00facleo pol\u00edtico da administra\u00e7\u00e3o, ampliando o desconforto interno e alimentando queixas de aliados.<\/span><\/p>\n<p class=\"p1\"><span class=\"s1\">Segundo uma fonte da base, a c\u00fapula do Uni\u00e3o Brasil j\u00e1 fez chegar ao prefeito a necessidade de um \u201cfreio de arruma\u00e7\u00e3o\u201d no governo. A express\u00e3o, repetida nos bastidores, resume o sentimento de que Valderico precisar\u00e1 reorganizar a equipe antes que os problemas em \u00e1reas sens\u00edveis contaminem de vez a imagem da gest\u00e3o.<\/span><\/p>\n<p class=\"p1\"><span class=\"s1\">Em reservado, gente do grupo avalia que, se nada for feito, Sa\u00fade e Educa\u00e7\u00e3o podem deixar de ser apenas um inc\u00f4modo administrativo e passar a representar um passivo pol\u00edtico de maior peso para o prefeito.<\/span><del><\/del><\/p>\n<h3><\/h3>\n<h3><\/h3>\n<h3><\/h3>\n","protected":false},"excerpt":{"rendered":"<p>O prefeito de Ilh\u00e9us, Valderico J\u00fanior (UB), come\u00e7ou a ouvir de aliados um alerta que j\u00e1 circula com for\u00e7a nos bastidores do governo: as secretarias de Sa\u00fade e de Educa\u00e7\u00e3o se transformaram nas principais vitrines negativas da gest\u00e3o. A avalia\u00e7\u00e3o dentro do pr\u00f3prio grupo pol\u00edtico \u00e9 que a condu\u00e7\u00e3o das duas pastas est\u00e1 abaixo do [&hellip;]<\/p>\n","protected":false},"author":3,"featured_media":23171,"comment_status":"closed","ping_status":"closed","sticky":false,"template":"","format":"standard","meta":{"_links_to":"","_links_to_target":""},"categories":[10],"tags":[],"views":84,"_links":{"self":[{"href":"https:\/\/www.bahiananoticias.com.br\/v1\/wp-json\/wp\/v2\/posts\/23170"}],"collection":[{"href":"https:\/\/www.bahiananoticias.com.br\/v1\/wp-json\/wp\/v2\/posts"}],"about":[{"href":"https:\/\/www.bahiananoticias.com.br\/v1\/wp-json\/wp\/v2\/types\/post"}],"author":[{"embeddable":true,"href":"https:\/\/www.bahiananoticias.com.br\/v1\/wp-json\/wp\/v2\/users\/3"}],"replies":[{"embeddable":true,"href":"https:\/\/www.bahiananoticias.com.br\/v1\/wp-json\/wp\/v2\/comments?post=23170"}],"version-history":[{"count":3,"href":"https:\/\/www.bahiananoticias.com.br\/v1\/wp-json\/wp\/v2\/posts\/23170\/revisions"}],"predecessor-version":[{"id":23174,"href":"https:\/\/www.bahiananoticias.com.br\/v1\/wp-json\/wp\/v2\/posts\/23170\/revisions\/23174"}],"wp:featuredmedia":[{"embeddable":true,"href":"https:\/\/www.bahiananoticias.com.br\/v1\/wp-json\/wp\/v2\/media\/23171"}],"wp:attachment":[{"href":"https:\/\/www.bahiananoticias.com.br\/v1\/wp-json\/wp\/v2\/media?parent=23170"}],"wp:term":[{"taxonomy":"category","embeddable":true,"href":"https:\/\/www.bahiananoticias.com.br\/v1\/wp-json\/wp\/v2\/categories?post=23170"},{"taxonomy":"post_tag","embeddable":true,"href":"https:\/\/www.bahiananoticias.com.br\/v1\/wp-json\/wp\/v2\/tags?post=23170"}],"curies":[{"name":"wp","href":"https:\/\/api.w.org\/{rel}","templated":true}]}}