{"id":23161,"date":"2026-03-17T12:31:46","date_gmt":"2026-03-17T15:31:46","guid":{"rendered":"https:\/\/www.bahiananoticias.com.br\/v1\/?p=23161"},"modified":"2026-03-17T12:31:46","modified_gmt":"2026-03-17T15:31:46","slug":"grande-ato-marca-filiacao-de-marao-ao-avante","status":"publish","type":"post","link":"https:\/\/www.bahiananoticias.com.br\/v1\/2026\/03\/17\/grande-ato-marca-filiacao-de-marao-ao-avante\/","title":{"rendered":"Grande ato marca filia\u00e7\u00e3o de Mar\u00e3o ao Avante"},"content":{"rendered":"<p><img decoding=\"async\" loading=\"lazy\" class=\"alignnone size-full wp-image-23162\" src=\"http:\/\/www.bahiananoticias.com.br\/v1\/wp-content\/uploads\/2026\/03\/ccfd8d30-434a-46e1-adb2-11fe1cb5224b.jpeg\" alt=\"\" width=\"600\" height=\"450\" srcset=\"https:\/\/www.bahiananoticias.com.br\/v1\/wp-content\/uploads\/2026\/03\/ccfd8d30-434a-46e1-adb2-11fe1cb5224b.jpeg 600w, https:\/\/www.bahiananoticias.com.br\/v1\/wp-content\/uploads\/2026\/03\/ccfd8d30-434a-46e1-adb2-11fe1cb5224b-300x225.jpeg 300w\" sizes=\"(max-width: 600px) 100vw, 600px\" \/><\/p>\n<p>Um grande ato pol\u00edtico contando com a participa\u00e7\u00e3o de lideran\u00e7as estaduais e nacionais marcou, no \u00faltimo s\u00e1bado (14), a filia\u00e7\u00e3o do ex-prefeito de Ilh\u00e9us, M\u00e1rio Alexandre, ao Partido Avante. O evento foi realizado no Clube da 19 de Mar\u00e7o e reuniu o presidente nacional do Avante, Luis Tib\u00e9, o presidente estadual Ronaldo Carletto, deputados federais, estaduais, prefeitos, vice-prefeitos, vereadores, ex-vereadores, presidentes de diversos partidos e lideran\u00e7as pol\u00edticas da Bahia.<\/p>\n<p>Durante o ato, o presidente nacional Luis Tib\u00e9 falou da grande for\u00e7a que Mar\u00e3o representa para a Bahia e disse n\u00e3o ter d\u00favidas do quanto o ex-prefeito vai contribuir ainda mais com o desenvolvimento de Ilh\u00e9us, da regi\u00e3o e de todo o estado. Ronaldo Carletto tamb\u00e9m destacou a import\u00e2ncia de Mar\u00e3o e real\u00e7ou que a chegada dele ao Avante refor\u00e7a cada vez mais o time do partido que mais cresce na Bahia e no Brasil e que vai continuar avan\u00e7ando ainda mais.<\/p>\n<p>Emocionado, Mar\u00e3o agradeceu aos gestos de carinho e apoio que vem recebendo e reafirmou que permanece firme para continuar retribuindo a confian\u00e7a que o povo deposita nele. Agradeceu \u00e0s pessoas que participaram do ato, as mensagens de apoio que recebe a cada dia e garantiu que seguir\u00e1 Avante por uma cidade, por uma regi\u00e3o e por uma Bahia cada vez mais fortes, desenvolvida e com oportunidades para todos.<\/p>\n","protected":false},"excerpt":{"rendered":"<p>Um grande ato pol\u00edtico contando com a participa\u00e7\u00e3o de lideran\u00e7as estaduais e nacionais marcou, no \u00faltimo s\u00e1bado (14), a filia\u00e7\u00e3o do ex-prefeito de Ilh\u00e9us, M\u00e1rio Alexandre, ao Partido Avante. O evento foi realizado no Clube da 19 de Mar\u00e7o e reuniu o presidente nacional do Avante, Luis Tib\u00e9, o presidente estadual Ronaldo Carletto, deputados federais, [&hellip;]<\/p>\n","protected":false},"author":3,"featured_media":23162,"comment_status":"closed","ping_status":"closed","sticky":false,"template":"","format":"standard","meta":{"_links_to":"","_links_to_target":""},"categories":[10],"tags":[],"views":24,"_links":{"self":[{"href":"https:\/\/www.bahiananoticias.com.br\/v1\/wp-json\/wp\/v2\/posts\/23161"}],"collection":[{"href":"https:\/\/www.bahiananoticias.com.br\/v1\/wp-json\/wp\/v2\/posts"}],"about":[{"href":"https:\/\/www.bahiananoticias.com.br\/v1\/wp-json\/wp\/v2\/types\/post"}],"author":[{"embeddable":true,"href":"https:\/\/www.bahiananoticias.com.br\/v1\/wp-json\/wp\/v2\/users\/3"}],"replies":[{"embeddable":true,"href":"https:\/\/www.bahiananoticias.com.br\/v1\/wp-json\/wp\/v2\/comments?post=23161"}],"version-history":[{"count":2,"href":"https:\/\/www.bahiananoticias.com.br\/v1\/wp-json\/wp\/v2\/posts\/23161\/revisions"}],"predecessor-version":[{"id":23164,"href":"https:\/\/www.bahiananoticias.com.br\/v1\/wp-json\/wp\/v2\/posts\/23161\/revisions\/23164"}],"wp:featuredmedia":[{"embeddable":true,"href":"https:\/\/www.bahiananoticias.com.br\/v1\/wp-json\/wp\/v2\/media\/23162"}],"wp:attachment":[{"href":"https:\/\/www.bahiananoticias.com.br\/v1\/wp-json\/wp\/v2\/media?parent=23161"}],"wp:term":[{"taxonomy":"category","embeddable":true,"href":"https:\/\/www.bahiananoticias.com.br\/v1\/wp-json\/wp\/v2\/categories?post=23161"},{"taxonomy":"post_tag","embeddable":true,"href":"https:\/\/www.bahiananoticias.com.br\/v1\/wp-json\/wp\/v2\/tags?post=23161"}],"curies":[{"name":"wp","href":"https:\/\/api.w.org\/{rel}","templated":true}]}}