{"id":23158,"date":"2026-03-12T03:38:02","date_gmt":"2026-03-12T06:38:02","guid":{"rendered":"https:\/\/www.bahiananoticias.com.br\/v1\/?p=23158"},"modified":"2026-03-12T03:38:02","modified_gmt":"2026-03-12T06:38:02","slug":"toffoli-se-declara-suspeito-e-deixa-relatoria-de-cpi-do-banco-master","status":"publish","type":"post","link":"https:\/\/www.bahiananoticias.com.br\/v1\/2026\/03\/12\/toffoli-se-declara-suspeito-e-deixa-relatoria-de-cpi-do-banco-master\/","title":{"rendered":"Toffoli se declara suspeito e deixa relatoria de CPI do Banco Master"},"content":{"rendered":"<p><img decoding=\"async\" loading=\"lazy\" class=\"alignnone size-full wp-image-23159\" src=\"http:\/\/www.bahiananoticias.com.br\/v1\/wp-content\/uploads\/2026\/03\/toffoli-se-declara-suspeito-para.jpg\" alt=\"\" width=\"600\" height=\"359\" srcset=\"https:\/\/www.bahiananoticias.com.br\/v1\/wp-content\/uploads\/2026\/03\/toffoli-se-declara-suspeito-para.jpg 600w, https:\/\/www.bahiananoticias.com.br\/v1\/wp-content\/uploads\/2026\/03\/toffoli-se-declara-suspeito-para-300x180.jpg 300w\" sizes=\"(max-width: 600px) 100vw, 600px\" \/><\/p>\n<p class=\"my-5 break-words group-[.isActiveSource]:text-xl\">O ministro\u00a0<strong class=\"group-[.isActiveSource]:text-xl group-[.isActiveSource]:font-bold\">Dias Toffoli<\/strong>, do STF (Supremo Tribunal Federal), se declarou suspeito nesta quarta-feira (11) para analisar uma a\u00e7\u00e3o que pede \u00e0 Corte que determine \u00e0 C\u00e2mara dos Deputados a instala\u00e7\u00e3o de uma CPI para investigar o\u00a0<strong class=\"group-[.isActiveSource]:text-xl group-[.isActiveSource]:font-bold\">Banco Master<\/strong>.<\/p>\n<p class=\"my-5 break-words group-[.isActiveSource]:text-xl\">Na decis\u00e3o, o magistrado afirmou que a suspei\u00e7\u00e3o ocorre<strong class=\"group-[.isActiveSource]:text-xl group-[.isActiveSource]:font-bold\">\u00a0\u201cpor motivo de foro \u00edntimo\u201d<\/strong>, sem detalhar as raz\u00f5es. Com isso, o processo ser\u00e1 enviado \u00e0 Presid\u00eancia do Supremo para nova redistribui\u00e7\u00e3o a outro ministro.<\/p>\n<p class=\"my-5 break-words group-[.isActiveSource]:text-xl\" data-start=\"866\" data-end=\"1129\">A a\u00e7\u00e3o foi apresentada pelo deputado federal\u00a0<strong class=\"group-[.isActiveSource]:text-xl group-[.isActiveSource]:font-bold\" data-start=\"911\" data-end=\"942\">Rodrigo Rollemberg (PSB-DF)<\/strong>. O parlamentar pede que o STF determine que a C\u00e2mara instale uma comiss\u00e3o parlamentar de inqu\u00e9rito para investigar supostas fraudes envolvendo o Banco Master e o BRB (Banco de Bras\u00edlia).<\/p>\n<p class=\"my-5 break-words group-[.isActiveSource]:text-xl\" data-start=\"1131\" data-end=\"1325\">Antes de se declarar suspeito, Toffoli afirmou que\u00a0<strong class=\"group-[.isActiveSource]:text-xl group-[.isActiveSource]:font-bold\" data-start=\"1182\" data-end=\"1271\">n\u00e3o estavam presentes, em an\u00e1lise preliminar, os requisitos para concess\u00e3o de liminar<\/strong>, que buscava determinar a instala\u00e7\u00e3o imediata da CPI.<\/p>\n<p class=\"my-5 break-words group-[.isActiveSource]:text-xl\" data-start=\"1327\" data-end=\"1590\">O ministro tamb\u00e9m mencionou que o Supremo j\u00e1 havia afastado formalmente qualquer hip\u00f3tese de impedimento ou suspei\u00e7\u00e3o em rela\u00e7\u00e3o \u00e0 sua atua\u00e7\u00e3o nos processos ligados \u00e0 chamada\u00a0<strong class=\"group-[.isActiveSource]:text-xl group-[.isActiveSource]:font-bold\" data-start=\"1502\" data-end=\"1530\">Opera\u00e7\u00e3o Compliance Zero<\/strong>, investiga\u00e7\u00e3o que apura irregularidades envolvendo o banco.<\/p>\n<p class=\"my-5 break-words group-[.isActiveSource]:text-xl\" data-start=\"1217\" data-end=\"1402\">Toffoli\u00a0<a class=\"text-red-600 underline hover:text-red-500 font-medium break-words group-[.isActiveSource]:text-xl\" href=\"https:\/\/www.cnnbrasil.com.br\/politica\/toffoli-deixa-relatoria-de-caso-do-banco-master\/\" target=\"_blank\" rel=\"noopener noreferrer\">deixou a condu\u00e7\u00e3o das investiga\u00e7\u00f5es do caso Master em\u00a0<strong class=\"group-[.isActiveSource]:text-xl group-[.isActiveSource]:font-bold\" data-start=\"1279\" data-end=\"1298\">12 de fevereiro<\/strong><\/a>, ap\u00f3s uma reuni\u00e3o fechada entre os ministros do STF convocada pelo presidente da Corte,\u00a0<strong class=\"group-[.isActiveSource]:text-xl group-[.isActiveSource]:font-bold\" data-start=\"1385\" data-end=\"1401\">Edson Fachin<\/strong>.<\/p>\n<p class=\"my-5 break-words group-[.isActiveSource]:text-xl\" data-start=\"1404\" data-end=\"1595\">O encontro ocorreu depois que veio a p\u00fablico um\u00a0<strong class=\"group-[.isActiveSource]:text-xl group-[.isActiveSource]:font-bold\" data-start=\"1452\" data-end=\"1508\">relat\u00f3rio da PF (Pol\u00edcia Federal) com men\u00e7\u00f5es ao ministro<\/strong>\u00a0em dados extra\u00eddos do celular do banqueiro\u00a0<a class=\"text-red-600 underline hover:text-red-500 font-medium break-words group-[.isActiveSource]:text-xl\" href=\"https:\/\/www.cnnbrasil.com.br\/politica\/daniel-vorcaro-se-reune-com-advogados-sem-gravacao-apos-decisao-do-stf\/\" target=\"_blank\" rel=\"noopener noreferrer\"><strong class=\"group-[.isActiveSource]:text-xl group-[.isActiveSource]:font-bold\" data-start=\"1552\" data-end=\"1570\">Daniel Vorcaro<\/strong>, dono do Banco Master<\/a>. As mensagens periciadas trazem men\u00e7\u00f5es a supostos pagamentos direcionados a Toffoli.<\/p>\n<p class=\"my-5 break-words group-[.isActiveSource]:text-xl\" data-start=\"1597\" data-end=\"1763\">A divulga\u00e7\u00e3o do material levou a questionamentos sobre uma eventual suspei\u00e7\u00e3o de Toffoli para conduzir o processo e aumentou a press\u00e3o sobre o tribunal.<\/p>\n<p class=\"my-5 break-words group-[.isActiveSource]:text-xl\" data-start=\"1765\" data-end=\"1956\">Na ocasi\u00e3o, os ministros divulgaram uma\u00a0<strong class=\"group-[.isActiveSource]:text-xl group-[.isActiveSource]:font-bold\" data-start=\"1805\" data-end=\"1862\">nota conjunta assinada pelos dez integrantes da Corte<\/strong>\u00a0afirmando que\u00a0<strong class=\"group-[.isActiveSource]:text-xl group-[.isActiveSource]:font-bold\" data-start=\"1877\" data-end=\"1941\">n\u00e3o havia elementos para reconhecer impedimento ou suspei\u00e7\u00e3o<\/strong>\u00a0do magistrado. Eles ainda reconheceram &#8220;a plena validade dos atos praticados&#8221; por Toffoli dentro da a\u00e7\u00e3o.<\/p>\n<p class=\"my-5 break-words group-[.isActiveSource]:text-xl\" data-start=\"1765\" data-end=\"1956\">&#8220;Expressam, neste ato, apoio pessoal ao Exmo. Min. Dias Toffoli, respeitando a dignidade de Sua Excel\u00eancia, bem como a inexist\u00eancia de suspei\u00e7\u00e3o ou de impedimento. Anote-se que Sua Excel\u00eancia atendeu a todos os pedidos formulados pela PF e PGR [Procuradoria-Geral da Rep\u00fablica]&#8221;, escreveram.<\/p>\n<p class=\"my-5 break-words group-[.isActiveSource]:text-xl\" data-start=\"1958\" data-end=\"2150\">O pr\u00f3prio Toffoli, ent\u00e3o, decidiu\u00a0<strong class=\"group-[.isActiveSource]:text-xl group-[.isActiveSource]:font-bold\" data-start=\"1998\" data-end=\"2042\">abrir m\u00e3o da relatoria das investiga\u00e7\u00f5es<\/strong>, e os processos foram redistribu\u00eddos. O novo relator passou a ser o ministro\u00a0<strong class=\"group-[.isActiveSource]:text-xl group-[.isActiveSource]:font-bold\" data-start=\"2131\" data-end=\"2149\">Andr\u00e9 Mendon\u00e7a<\/strong>.<\/p>\n<h2 class=\"text-2xl my-5 font-bold break-words\" data-section-id=\"bn6ke2\" data-start=\"2894\" data-end=\"2911\">CPI do Master<\/h2>\n<p class=\"my-5 break-words group-[.isActiveSource]:text-xl\" data-start=\"2913\" data-end=\"3058\">O processo que havia sido distribu\u00eddo ao ministro nesta quarta-feira (11) trata de um\u00a0<strong class=\"group-[.isActiveSource]:text-xl group-[.isActiveSource]:font-bold\" data-start=\"2960\" data-end=\"2984\">mandado de seguran\u00e7a<\/strong>\u00a0no qual Rollemberg pede que o STF determine \u00e0 C\u00e2mara a instala\u00e7\u00e3o da CPI.<\/p>\n<p class=\"my-5 break-words group-[.isActiveSource]:text-xl\" data-start=\"3060\" data-end=\"3272\">O deputado afirma que o requerimento para cria\u00e7\u00e3o da comiss\u00e3o re\u00fane\u00a0<strong class=\"group-[.isActiveSource]:text-xl group-[.isActiveSource]:font-bold\" data-start=\"3128\" data-end=\"3177\">mais de um ter\u00e7o das assinaturas de deputados<\/strong>, requisito previsto na Constitui\u00e7\u00e3o para a instala\u00e7\u00e3o de comiss\u00f5es parlamentares de inqu\u00e9rito.<\/p>\n<p class=\"my-5 break-words group-[.isActiveSource]:text-xl\" data-start=\"3274\" data-end=\"3439\">Segundo o parlamentar, a demora na instala\u00e7\u00e3o da CPI configuraria\u00a0<strong class=\"group-[.isActiveSource]:text-xl group-[.isActiveSource]:font-bold\" data-start=\"3340\" data-end=\"3376\">omiss\u00e3o da presid\u00eancia da C\u00e2mara<\/strong>\u00a0e impediria o Congresso de exercer sua fun\u00e7\u00e3o de fiscaliza\u00e7\u00e3o.<\/p>\n<p class=\"my-5 break-words group-[.isActiveSource]:text-xl\" data-start=\"3274\" data-end=\"3439\">\u201cA omiss\u00e3o do Presidente da C\u00e2mara dos Deputados em instalar a CPI [\u2026] configura um ato arbitr\u00e1rio que cerceia o direito [\u2026] de fiscalizar&#8221;, escreveu. Rollemberg quer que o\u00a0<a class=\"text-red-600 underline hover:text-red-500 font-medium break-words group-[.isActiveSource]:text-xl\" href=\"https:\/\/www.cnnbrasil.com.br\/politica\/analise-stf-segue-no-epicentro-do-escandalo-do-banco-master\/\" target=\"_blank\" rel=\"noopener noreferrer\">Supremo<\/a>\u00a0obrigue Motta a instalar a comiss\u00e3o.<\/p>\n","protected":false},"excerpt":{"rendered":"<p>O ministro\u00a0Dias Toffoli, do STF (Supremo Tribunal Federal), se declarou suspeito nesta quarta-feira (11) para analisar uma a\u00e7\u00e3o que pede \u00e0 Corte que determine \u00e0 C\u00e2mara dos Deputados a instala\u00e7\u00e3o de uma CPI para investigar o\u00a0Banco Master. Na decis\u00e3o, o magistrado afirmou que a suspei\u00e7\u00e3o ocorre\u00a0\u201cpor motivo de foro \u00edntimo\u201d, sem detalhar as raz\u00f5es. Com [&hellip;]<\/p>\n","protected":false},"author":3,"featured_media":23159,"comment_status":"closed","ping_status":"closed","sticky":false,"template":"","format":"standard","meta":{"_links_to":"","_links_to_target":""},"categories":[10],"tags":[],"views":50,"_links":{"self":[{"href":"https:\/\/www.bahiananoticias.com.br\/v1\/wp-json\/wp\/v2\/posts\/23158"}],"collection":[{"href":"https:\/\/www.bahiananoticias.com.br\/v1\/wp-json\/wp\/v2\/posts"}],"about":[{"href":"https:\/\/www.bahiananoticias.com.br\/v1\/wp-json\/wp\/v2\/types\/post"}],"author":[{"embeddable":true,"href":"https:\/\/www.bahiananoticias.com.br\/v1\/wp-json\/wp\/v2\/users\/3"}],"replies":[{"embeddable":true,"href":"https:\/\/www.bahiananoticias.com.br\/v1\/wp-json\/wp\/v2\/comments?post=23158"}],"version-history":[{"count":1,"href":"https:\/\/www.bahiananoticias.com.br\/v1\/wp-json\/wp\/v2\/posts\/23158\/revisions"}],"predecessor-version":[{"id":23160,"href":"https:\/\/www.bahiananoticias.com.br\/v1\/wp-json\/wp\/v2\/posts\/23158\/revisions\/23160"}],"wp:featuredmedia":[{"embeddable":true,"href":"https:\/\/www.bahiananoticias.com.br\/v1\/wp-json\/wp\/v2\/media\/23159"}],"wp:attachment":[{"href":"https:\/\/www.bahiananoticias.com.br\/v1\/wp-json\/wp\/v2\/media?parent=23158"}],"wp:term":[{"taxonomy":"category","embeddable":true,"href":"https:\/\/www.bahiananoticias.com.br\/v1\/wp-json\/wp\/v2\/categories?post=23158"},{"taxonomy":"post_tag","embeddable":true,"href":"https:\/\/www.bahiananoticias.com.br\/v1\/wp-json\/wp\/v2\/tags?post=23158"}],"curies":[{"name":"wp","href":"https:\/\/api.w.org\/{rel}","templated":true}]}}