{"id":23155,"date":"2026-03-12T03:35:43","date_gmt":"2026-03-12T06:35:43","guid":{"rendered":"https:\/\/www.bahiananoticias.com.br\/v1\/?p=23155"},"modified":"2026-03-12T03:35:43","modified_gmt":"2026-03-12T06:35:43","slug":"vereadora-enilda-aponta-falta-de-planejamento-e-problemas-estruturais-na-educacao-de-ilheus","status":"publish","type":"post","link":"https:\/\/www.bahiananoticias.com.br\/v1\/2026\/03\/12\/vereadora-enilda-aponta-falta-de-planejamento-e-problemas-estruturais-na-educacao-de-ilheus\/","title":{"rendered":"Vereadora Enilda aponta falta de planejamento e problemas estruturais na educa\u00e7\u00e3o de Ilh\u00e9us"},"content":{"rendered":"<p data-start=\"483\" data-end=\"709\"><img decoding=\"async\" loading=\"lazy\" class=\"size-full wp-image-23156 aligncenter\" src=\"http:\/\/www.bahiananoticias.com.br\/v1\/wp-content\/uploads\/2026\/03\/IMG-20260311-WA0000.jpg\" alt=\"\" width=\"600\" height=\"467\" srcset=\"https:\/\/www.bahiananoticias.com.br\/v1\/wp-content\/uploads\/2026\/03\/IMG-20260311-WA0000.jpg 600w, https:\/\/www.bahiananoticias.com.br\/v1\/wp-content\/uploads\/2026\/03\/IMG-20260311-WA0000-300x234.jpg 300w\" sizes=\"(max-width: 600px) 100vw, 600px\" \/><\/p>\n<p data-start=\"483\" data-end=\"709\">Durante sess\u00e3o da C\u00e2mara Municipal de Ilh\u00e9us realizada na tarde desta ter\u00e7a-feira (10), a professora e vereadora <span class=\"hover:entity-accent entity-underline inline cursor-pointer align-baseline\"><span class=\"whitespace-normal\">Enilda Mendon\u00e7a<\/span><\/span> apresentou um panorama cr\u00edtico sobre a situa\u00e7\u00e3o da educa\u00e7\u00e3o no munic\u00edpio.<\/p>\n<p data-start=\"711\" data-end=\"959\">Com quase <strong data-start=\"721\" data-end=\"773\">36 anos de atua\u00e7\u00e3o acompanhando a rede municipal<\/strong>, a parlamentar afirmou que os problemas enfrentados atualmente n\u00e3o s\u00e3o recentes e envolvem <strong data-start=\"865\" data-end=\"922\">quest\u00f5es estruturais, pedag\u00f3gicas e de gest\u00e3o p\u00fablica<\/strong> que se acumulam ao longo de d\u00e9cadas.<\/p>\n<p data-start=\"961\" data-end=\"1048\">Ao longo do discurso, a vereadora organizou sua an\u00e1lise em <strong data-start=\"1020\" data-end=\"1045\">tr\u00eas eixos principais<\/strong>:<\/p>\n<ul data-start=\"1049\" data-end=\"1137\">\n<li data-section-id=\"n0rffs\" data-start=\"1049\" data-end=\"1075\">\n<p data-start=\"1051\" data-end=\"1075\">infraestrutura escolar<\/p>\n<\/li>\n<li data-section-id=\"3cyiba\" data-start=\"1076\" data-end=\"1100\">\n<p data-start=\"1078\" data-end=\"1100\">quest\u00f5es pedag\u00f3gicas<\/p>\n<\/li>\n<li data-section-id=\"1hbs5b0\" data-start=\"1101\" data-end=\"1137\">\n<p data-start=\"1103\" data-end=\"1137\">alimenta\u00e7\u00e3o nas unidades de ensino<\/p>\n<\/li>\n<\/ul>\n<hr data-start=\"1139\" data-end=\"1142\" \/>\n<h2 data-section-id=\"1w436yo\" data-start=\"1144\" data-end=\"1186\">Problemas de infraestrutura nas escolas<\/h2>\n<p data-start=\"1188\" data-end=\"1381\">Segundo a parlamentar, grande parte das escolas municipais ainda funciona em <strong data-start=\"1265\" data-end=\"1302\">espa\u00e7os improvisados ou adaptados<\/strong>, sem oferecer condi\u00e7\u00f5es adequadas para estudantes e profissionais da educa\u00e7\u00e3o.<\/p>\n<p data-start=\"1383\" data-end=\"1679\">De acordo com Enilda, o problema atravessa diferentes gest\u00f5es municipais e est\u00e1 relacionado \u00e0 <strong data-start=\"1477\" data-end=\"1517\">falta de planejamento de longo prazo<\/strong>. Em vez de investir na constru\u00e7\u00e3o de novas unidades escolares, o munic\u00edpio teria se mantido dependente de <strong data-start=\"1624\" data-end=\"1678\">reformas sucessivas em pr\u00e9dios antigos e prec\u00e1rios<\/strong>.<\/p>\n<p data-start=\"1681\" data-end=\"1912\">A vereadora destacou ainda que a situa\u00e7\u00e3o s\u00f3 n\u00e3o \u00e9 mais grave porque, em alguns momentos, o governo estadual construiu novas unidades escolares e posteriormente <strong data-start=\"1842\" data-end=\"1883\">repassou pr\u00e9dios antigos ao munic\u00edpio<\/strong>, ampliando a rede municipal.<\/p>\n<p data-start=\"1914\" data-end=\"2110\">Mesmo assim, ela afirmou que <strong data-start=\"1943\" data-end=\"2012\">Ilh\u00e9us perdeu oportunidades de ampliar seu patrim\u00f4nio educacional<\/strong> ao deixar de aceitar doa\u00e7\u00f5es de alguns im\u00f3veis que poderiam ter sido incorporados \u00e0 rede p\u00fablica.<\/p>\n<hr data-start=\"2112\" data-end=\"2115\" \/>\n<h2 data-section-id=\"swl9co\" data-start=\"2117\" data-end=\"2161\">Alta rotatividade de professores preocupa<\/h2>\n<p data-start=\"2163\" data-end=\"2271\">No campo pedag\u00f3gico, a vereadora apontou que a rede municipal enfrenta <strong data-start=\"2234\" data-end=\"2270\">alta rotatividade de professores<\/strong>.<\/p>\n<p data-start=\"2273\" data-end=\"2445\">Segundo ela, o n\u00famero de profissionais <strong data-start=\"2312\" data-end=\"2373\">contratados temporariamente supera o de docentes efetivos<\/strong>, o que comprometeria a continuidade do trabalho pedag\u00f3gico nas escolas.<\/p>\n<p data-start=\"2447\" data-end=\"2581\">Essa situa\u00e7\u00e3o, de acordo com a parlamentar, tamb\u00e9m dificulta o funcionamento adequado do <strong data-start=\"2536\" data-end=\"2580\">sistema de ciclos adotado pelo munic\u00edpio<\/strong>.<\/p>\n<p data-start=\"2583\" data-end=\"2801\">Ela ainda chamou aten\u00e7\u00e3o para os desafios relacionados \u00e0 <strong data-start=\"2640\" data-end=\"2662\">educa\u00e7\u00e3o inclusiva<\/strong>, afirmando que muitas unidades escolares ainda n\u00e3o conseguem atender de forma adequada estudantes com necessidades educacionais especiais.<\/p>\n<p data-start=\"2803\" data-end=\"2942\">De acordo com a vereadora, h\u00e1 casos de alunos que <strong data-start=\"2853\" data-end=\"2941\">ainda n\u00e3o iniciaram o ano letivo por falta de profissionais de apoio para o coensino<\/strong>.<\/p>\n<hr data-start=\"2944\" data-end=\"2947\" \/>\n<h2 data-section-id=\"1ozcn44\" data-start=\"2949\" data-end=\"2992\">Falta de planejamento na merenda escolar<\/h2>\n<p data-start=\"2994\" data-end=\"3061\">Outro ponto criticado foi a organiza\u00e7\u00e3o da <strong data-start=\"3037\" data-end=\"3060\">alimenta\u00e7\u00e3o escolar<\/strong>.<\/p>\n<p data-start=\"3063\" data-end=\"3215\">Segundo Enilda, neste in\u00edcio de ano letivo as escolas ainda n\u00e3o receberam novos alimentos e est\u00e3o utilizando <strong data-start=\"3172\" data-end=\"3214\">estoques remanescentes do ano anterior<\/strong>.<\/p>\n<p data-start=\"3217\" data-end=\"3461\">A parlamentar afirmou que o processo de licita\u00e7\u00e3o para aquisi\u00e7\u00e3o da merenda foi aberto <strong data-start=\"3304\" data-end=\"3335\">apenas no final de dezembro<\/strong>, poucas semanas antes do in\u00edcio das aulas, o que teria criado um risco previs\u00edvel de desabastecimento nas unidades de ensino.<\/p>\n<hr data-start=\"3463\" data-end=\"3466\" \/>\n<h2 data-section-id=\"14qltmt\" data-start=\"3468\" data-end=\"3515\">Falta de autonomia da Secretaria de Educa\u00e7\u00e3o<\/h2>\n<p data-start=\"3517\" data-end=\"3626\">Durante a sess\u00e3o, a vereadora tamb\u00e9m questionou a forma como a gest\u00e3o da educa\u00e7\u00e3o municipal est\u00e1 estruturada.<\/p>\n<p data-start=\"3628\" data-end=\"3853\">Segundo ela, a Secretaria de Educa\u00e7\u00e3o <strong data-start=\"3666\" data-end=\"3735\">n\u00e3o possui autonomia plena para executar decis\u00f5es administrativas<\/strong>, como a realiza\u00e7\u00e3o de licita\u00e7\u00f5es, o que comprometeria a governabilidade da pasta e a rapidez na solu\u00e7\u00e3o de problemas.<\/p>\n<p data-start=\"3855\" data-end=\"4003\">Enilda relatou ainda situa\u00e7\u00f5es em que <strong data-start=\"3893\" data-end=\"3945\">o in\u00edcio das aulas foi adiado em algumas escolas<\/strong> por falta de interven\u00e7\u00f5es simples da Secretaria de Obras.<\/p>\n<p data-start=\"4005\" data-end=\"4173\">Tamb\u00e9m foram mencionados casos em que <strong data-start=\"4043\" data-end=\"4120\">gestores escolares precisaram arcar com despesas b\u00e1sicas do pr\u00f3prio bolso<\/strong>, como a compra de cadeados ou utens\u00edlios de cozinha.<\/p>\n<hr data-start=\"4175\" data-end=\"4178\" \/>\n<h2 data-section-id=\"we3ii\" data-start=\"4180\" data-end=\"4226\">Poss\u00edvel investiga\u00e7\u00e3o do Tribunal de Contas<\/h2>\n<p data-start=\"4228\" data-end=\"4456\">Ao final da interven\u00e7\u00e3o, a vereadora avaliou que, <strong data-start=\"4278\" data-end=\"4337\">ap\u00f3s cerca de 15 meses da atual administra\u00e7\u00e3o municipal<\/strong>, ainda n\u00e3o houve mudan\u00e7as significativas na condu\u00e7\u00e3o das pol\u00edticas educacionais em compara\u00e7\u00e3o com governos anteriores.<\/p>\n<p data-start=\"4458\" data-end=\"4607\">Segundo ela, sem planejamento e mudan\u00e7as de estrat\u00e9gia, o munic\u00edpio corre o risco de <strong data-start=\"4543\" data-end=\"4606\">continuar enfrentando os mesmos problemas nos pr\u00f3ximos anos<\/strong>.<\/p>\n<p data-start=\"4609\" data-end=\"4815\">A parlamentar informou ainda que pretende acionar o <span class=\"hover:entity-accent entity-underline inline cursor-pointer align-baseline\"><span class=\"whitespace-normal\">Tribunal de Contas dos Munic\u00edpios da Bahia<\/span><\/span> para investigar poss\u00edveis inconsist\u00eancias nos dados de execu\u00e7\u00e3o or\u00e7ament\u00e1ria da educa\u00e7\u00e3o divulgados pela prefeitura.<\/p>\n<p data-start=\"4817\" data-end=\"5037\">De acordo com a vereadora, relat\u00f3rios publicados no Di\u00e1rio Oficial em diferentes datas apresentaram <strong data-start=\"4917\" data-end=\"4978\">percentuais distintos sobre os recursos aplicados na \u00e1rea<\/strong>, o que, segundo ela, exige esclarecimentos e fiscaliza\u00e7\u00e3o.<\/p>\n","protected":false},"excerpt":{"rendered":"<p>Durante sess\u00e3o da C\u00e2mara Municipal de Ilh\u00e9us realizada na tarde desta ter\u00e7a-feira (10), a professora e vereadora Enilda Mendon\u00e7a apresentou um panorama cr\u00edtico sobre a situa\u00e7\u00e3o da educa\u00e7\u00e3o no munic\u00edpio. Com quase 36 anos de atua\u00e7\u00e3o acompanhando a rede municipal, a parlamentar afirmou que os problemas enfrentados atualmente n\u00e3o s\u00e3o recentes e envolvem quest\u00f5es estruturais, [&hellip;]<\/p>\n","protected":false},"author":3,"featured_media":23156,"comment_status":"closed","ping_status":"closed","sticky":false,"template":"","format":"standard","meta":{"_links_to":"","_links_to_target":""},"categories":[145],"tags":[],"views":50,"_links":{"self":[{"href":"https:\/\/www.bahiananoticias.com.br\/v1\/wp-json\/wp\/v2\/posts\/23155"}],"collection":[{"href":"https:\/\/www.bahiananoticias.com.br\/v1\/wp-json\/wp\/v2\/posts"}],"about":[{"href":"https:\/\/www.bahiananoticias.com.br\/v1\/wp-json\/wp\/v2\/types\/post"}],"author":[{"embeddable":true,"href":"https:\/\/www.bahiananoticias.com.br\/v1\/wp-json\/wp\/v2\/users\/3"}],"replies":[{"embeddable":true,"href":"https:\/\/www.bahiananoticias.com.br\/v1\/wp-json\/wp\/v2\/comments?post=23155"}],"version-history":[{"count":1,"href":"https:\/\/www.bahiananoticias.com.br\/v1\/wp-json\/wp\/v2\/posts\/23155\/revisions"}],"predecessor-version":[{"id":23157,"href":"https:\/\/www.bahiananoticias.com.br\/v1\/wp-json\/wp\/v2\/posts\/23155\/revisions\/23157"}],"wp:featuredmedia":[{"embeddable":true,"href":"https:\/\/www.bahiananoticias.com.br\/v1\/wp-json\/wp\/v2\/media\/23156"}],"wp:attachment":[{"href":"https:\/\/www.bahiananoticias.com.br\/v1\/wp-json\/wp\/v2\/media?parent=23155"}],"wp:term":[{"taxonomy":"category","embeddable":true,"href":"https:\/\/www.bahiananoticias.com.br\/v1\/wp-json\/wp\/v2\/categories?post=23155"},{"taxonomy":"post_tag","embeddable":true,"href":"https:\/\/www.bahiananoticias.com.br\/v1\/wp-json\/wp\/v2\/tags?post=23155"}],"curies":[{"name":"wp","href":"https:\/\/api.w.org\/{rel}","templated":true}]}}