{"id":23147,"date":"2026-03-10T14:00:40","date_gmt":"2026-03-10T17:00:40","guid":{"rendered":"https:\/\/www.bahiananoticias.com.br\/v1\/?p=23147"},"modified":"2026-03-11T02:17:58","modified_gmt":"2026-03-11T05:17:58","slug":"%f0%9f%9a%a8-urgente-bastidores-da-politica-em-movimento-em-ilheus","status":"publish","type":"post","link":"https:\/\/www.bahiananoticias.com.br\/v1\/2026\/03\/10\/%f0%9f%9a%a8-urgente-bastidores-da-politica-em-movimento-em-ilheus\/","title":{"rendered":"\ud83d\udea8 URGENTE | BASTIDORES DA POL\u00cdTICA EM MOVIMENTO EM ILH\u00c9US"},"content":{"rendered":"<p><img decoding=\"async\" loading=\"lazy\" class=\"alignnone size-full wp-image-23148\" src=\"http:\/\/www.bahiananoticias.com.br\/v1\/wp-content\/uploads\/2026\/03\/SnapInsta.to_649522641_18408797191127414_5393758377996200056_n.jpg\" alt=\"\" width=\"400\" height=\"500\" srcset=\"https:\/\/www.bahiananoticias.com.br\/v1\/wp-content\/uploads\/2026\/03\/SnapInsta.to_649522641_18408797191127414_5393758377996200056_n.jpg 400w, https:\/\/www.bahiananoticias.com.br\/v1\/wp-content\/uploads\/2026\/03\/SnapInsta.to_649522641_18408797191127414_5393758377996200056_n-240x300.jpg 240w\" sizes=\"(max-width: 400px) 100vw, 400px\" \/><\/p>\n<p>Ilh\u00e9us se prepara para viver um momento que promete marcar a hist\u00f3ria pol\u00edtica da cidade e de toda a regi\u00e3o sul da Bahia. No pr\u00f3ximo 14 de mar\u00e7o, lideran\u00e7as pol\u00edticas, autoridades e centenas de apoiadores devem se reunir para um grande Ato de Filia\u00e7\u00e3o do partido Avante, em um evento que j\u00e1 mobiliza a milit\u00e2ncia e promete demonstrar a for\u00e7a e a expans\u00e3o da legenda no estado.<\/p>\n<p>A articula\u00e7\u00e3o re\u00fane importantes nomes da pol\u00edtica nacional e baiana. Est\u00e1 confirmada a presen\u00e7a do presidente nacional do Avante, o deputado federal Luis Tib\u00e9, al\u00e9m do presidente do partido na Bahia, Ronaldo Carletto. O encontro tamb\u00e9m contar\u00e1 com diversas lideran\u00e7as regionais e representantes pol\u00edticos, consolidando o evento como um dos maiores atos partid\u00e1rios recentes no sul do estado.<\/p>\n<p>O ato ser\u00e1 realizado na tradicional Associa\u00e7\u00e3o Desportiva 19 de Mar\u00e7o, no bairro da Conquista, espa\u00e7o conhecido por sediar grandes encontros populares e pol\u00edticos na cidade. A expectativa \u00e9 de um p\u00fablico expressivo, vestindo a cor laranja \u2014 s\u00edmbolo do partido \u2014 em um ambiente marcado por mobiliza\u00e7\u00e3o, entusiasmo e demonstra\u00e7\u00e3o de unidade.<\/p>\n<p>Al\u00e9m de oficializar novas filia\u00e7\u00f5es, o evento deve refor\u00e7ar a estrat\u00e9gia de fortalecimento pol\u00edtico do Avante em Ilh\u00e9us e em toda a regi\u00e3o, ampliando sua base de lideran\u00e7as e apoiadores. Nos bastidores, aliados j\u00e1 classificam o encontro como um passo decisivo para a reorganiza\u00e7\u00e3o e crescimento do partido no cen\u00e1rio regional.<\/p>\n<p>Com clima de expectativa e grande mobiliza\u00e7\u00e3o popular, o encontro promete entrar para a agenda pol\u00edtica da cidade como um momento hist\u00f3rico de participa\u00e7\u00e3o, uni\u00e3o e fortalecimento partid\u00e1rio.<\/p>\n<p>\ud83d\udcc5 Data: 14 de mar\u00e7o<br \/>\n\u23f0 Hor\u00e1rio: 16h<br \/>\n\ud83d\udccd Local: Associa\u00e7\u00e3o Desportiva 19 de Mar\u00e7o \u2013 Conquista, Ilh\u00e9us<\/p>\n<p>Ilh\u00e9us se prepara para vestir laranja e acompanhar de perto um evento que promete movimentar o cen\u00e1rio pol\u00edtico regional.<\/p>\n","protected":false},"excerpt":{"rendered":"<p>Ilh\u00e9us se prepara para viver um momento que promete marcar a hist\u00f3ria pol\u00edtica da cidade e de toda a regi\u00e3o sul da Bahia. No pr\u00f3ximo 14 de mar\u00e7o, lideran\u00e7as pol\u00edticas, autoridades e centenas de apoiadores devem se reunir para um grande Ato de Filia\u00e7\u00e3o do partido Avante, em um evento que j\u00e1 mobiliza a milit\u00e2ncia [&hellip;]<\/p>\n","protected":false},"author":3,"featured_media":23148,"comment_status":"closed","ping_status":"closed","sticky":false,"template":"","format":"standard","meta":{"_links_to":"","_links_to_target":""},"categories":[10],"tags":[],"views":122,"_links":{"self":[{"href":"https:\/\/www.bahiananoticias.com.br\/v1\/wp-json\/wp\/v2\/posts\/23147"}],"collection":[{"href":"https:\/\/www.bahiananoticias.com.br\/v1\/wp-json\/wp\/v2\/posts"}],"about":[{"href":"https:\/\/www.bahiananoticias.com.br\/v1\/wp-json\/wp\/v2\/types\/post"}],"author":[{"embeddable":true,"href":"https:\/\/www.bahiananoticias.com.br\/v1\/wp-json\/wp\/v2\/users\/3"}],"replies":[{"embeddable":true,"href":"https:\/\/www.bahiananoticias.com.br\/v1\/wp-json\/wp\/v2\/comments?post=23147"}],"version-history":[{"count":2,"href":"https:\/\/www.bahiananoticias.com.br\/v1\/wp-json\/wp\/v2\/posts\/23147\/revisions"}],"predecessor-version":[{"id":23150,"href":"https:\/\/www.bahiananoticias.com.br\/v1\/wp-json\/wp\/v2\/posts\/23147\/revisions\/23150"}],"wp:featuredmedia":[{"embeddable":true,"href":"https:\/\/www.bahiananoticias.com.br\/v1\/wp-json\/wp\/v2\/media\/23148"}],"wp:attachment":[{"href":"https:\/\/www.bahiananoticias.com.br\/v1\/wp-json\/wp\/v2\/media?parent=23147"}],"wp:term":[{"taxonomy":"category","embeddable":true,"href":"https:\/\/www.bahiananoticias.com.br\/v1\/wp-json\/wp\/v2\/categories?post=23147"},{"taxonomy":"post_tag","embeddable":true,"href":"https:\/\/www.bahiananoticias.com.br\/v1\/wp-json\/wp\/v2\/tags?post=23147"}],"curies":[{"name":"wp","href":"https:\/\/api.w.org\/{rel}","templated":true}]}}