{"id":23135,"date":"2026-03-02T17:42:10","date_gmt":"2026-03-02T20:42:10","guid":{"rendered":"https:\/\/www.bahiananoticias.com.br\/v1\/?p=23135"},"modified":"2026-03-02T17:42:10","modified_gmt":"2026-03-02T20:42:10","slug":"governador-jeronimo-rodrigues-e-o-ministro-do-turismo-gustavo-damiao-feliciano-lancam-projeto-brasil-mais-credito-para-o-turismo-nesta-segunda-2","status":"publish","type":"post","link":"https:\/\/www.bahiananoticias.com.br\/v1\/2026\/03\/02\/governador-jeronimo-rodrigues-e-o-ministro-do-turismo-gustavo-damiao-feliciano-lancam-projeto-brasil-mais-credito-para-o-turismo-nesta-segunda-2\/","title":{"rendered":"Governador Jer\u00f4nimo Rodrigues e o ministro do Turismo Gustavo Dami\u00e3o Feliciano lan\u00e7am projeto Brasil Mais Cr\u00e9dito para o Turismo, nesta segunda (2)"},"content":{"rendered":"<p style=\"text-align: left;\"><img decoding=\"async\" loading=\"lazy\" class=\"alignnone size-full wp-image-23136\" src=\"http:\/\/www.bahiananoticias.com.br\/v1\/wp-content\/uploads\/2026\/03\/IMG_7917.jpeg\" alt=\"\" width=\"320\" height=\"213\" srcset=\"https:\/\/www.bahiananoticias.com.br\/v1\/wp-content\/uploads\/2026\/03\/IMG_7917.jpeg 320w, https:\/\/www.bahiananoticias.com.br\/v1\/wp-content\/uploads\/2026\/03\/IMG_7917-300x200.jpeg 300w\" sizes=\"(max-width: 320px) 100vw, 320px\" \/><\/p>\n<p>O governador Jer\u00f4nimo Rodrigues, acompanhado do ministro do Turismo, Gustavo Dami\u00e3o Feliciano, e do secret\u00e1rio estadual de Turismo, Maur\u00edcio Bacellar, lan\u00e7a o projeto Brasil Mais Cr\u00e9dito para o Turismo \u2013 Jornada Nacional de Acesso ao Fundo Geral de Turismo (Fungetur), nesta segunda-feira (2), \u00e0s 9h30, no Hotel Quality Su\u00edtes &#8211; Stiep, em Salvador.<\/p>\n<p>Integrada com estados e munic\u00edpios, a iniciativa ter\u00e1 foco na viabiliza\u00e7\u00e3o do acesso ao cr\u00e9dito do Fungetur para prestadores de servi\u00e7os tur\u00edsticos do Brasil. O Brasil Mais Cr\u00e9dito para o Turismo tamb\u00e9m vai oferecer apoio para a regulariza\u00e7\u00e3o no Cadastro de Prestadores de Servi\u00e7os Tur\u00edsticos (Cadastur) e envolve, ainda, a inclus\u00e3o no Mapa do Turismo Brasileiro, que orienta pol\u00edticas p\u00fablicas do \u00f3rg\u00e3o e proporciona benef\u00edcios aos munic\u00edpios integrados \u00e0 ferramenta estrat\u00e9gica.<\/p>\n<p>*Servi\u00e7o:*<br \/>\n*Data:* Segunda-feira (2\/3\/26)<br \/>\n*Hor\u00e1rio:* 9h30<br \/>\n*Local:* Hotel Quality Su\u00edtes &#8211; Stiep<\/p>\n","protected":false},"excerpt":{"rendered":"<p>O governador Jer\u00f4nimo Rodrigues, acompanhado do ministro do Turismo, Gustavo Dami\u00e3o Feliciano, e do secret\u00e1rio estadual de Turismo, Maur\u00edcio Bacellar, lan\u00e7a o projeto Brasil Mais Cr\u00e9dito para o Turismo \u2013 Jornada Nacional de Acesso ao Fundo Geral de Turismo (Fungetur), nesta segunda-feira (2), \u00e0s 9h30, no Hotel Quality Su\u00edtes &#8211; Stiep, em Salvador. Integrada com [&hellip;]<\/p>\n","protected":false},"author":3,"featured_media":23136,"comment_status":"closed","ping_status":"closed","sticky":false,"template":"","format":"standard","meta":{"_links_to":"","_links_to_target":""},"categories":[11,2,1,10],"tags":[],"views":65,"_links":{"self":[{"href":"https:\/\/www.bahiananoticias.com.br\/v1\/wp-json\/wp\/v2\/posts\/23135"}],"collection":[{"href":"https:\/\/www.bahiananoticias.com.br\/v1\/wp-json\/wp\/v2\/posts"}],"about":[{"href":"https:\/\/www.bahiananoticias.com.br\/v1\/wp-json\/wp\/v2\/types\/post"}],"author":[{"embeddable":true,"href":"https:\/\/www.bahiananoticias.com.br\/v1\/wp-json\/wp\/v2\/users\/3"}],"replies":[{"embeddable":true,"href":"https:\/\/www.bahiananoticias.com.br\/v1\/wp-json\/wp\/v2\/comments?post=23135"}],"version-history":[{"count":1,"href":"https:\/\/www.bahiananoticias.com.br\/v1\/wp-json\/wp\/v2\/posts\/23135\/revisions"}],"predecessor-version":[{"id":23137,"href":"https:\/\/www.bahiananoticias.com.br\/v1\/wp-json\/wp\/v2\/posts\/23135\/revisions\/23137"}],"wp:featuredmedia":[{"embeddable":true,"href":"https:\/\/www.bahiananoticias.com.br\/v1\/wp-json\/wp\/v2\/media\/23136"}],"wp:attachment":[{"href":"https:\/\/www.bahiananoticias.com.br\/v1\/wp-json\/wp\/v2\/media?parent=23135"}],"wp:term":[{"taxonomy":"category","embeddable":true,"href":"https:\/\/www.bahiananoticias.com.br\/v1\/wp-json\/wp\/v2\/categories?post=23135"},{"taxonomy":"post_tag","embeddable":true,"href":"https:\/\/www.bahiananoticias.com.br\/v1\/wp-json\/wp\/v2\/tags?post=23135"}],"curies":[{"name":"wp","href":"https:\/\/api.w.org\/{rel}","templated":true}]}}