{"id":23128,"date":"2026-03-02T08:25:40","date_gmt":"2026-03-02T11:25:40","guid":{"rendered":"https:\/\/www.bahiananoticias.com.br\/v1\/?p=23128"},"modified":"2026-03-02T08:25:40","modified_gmt":"2026-03-02T11:25:40","slug":"crise-na-base-insatisfacao-do-republicanos-pressiona-acm-neto-por-vaga-de-vice-ao-governo-da-bahia","status":"publish","type":"post","link":"https:\/\/www.bahiananoticias.com.br\/v1\/2026\/03\/02\/crise-na-base-insatisfacao-do-republicanos-pressiona-acm-neto-por-vaga-de-vice-ao-governo-da-bahia\/","title":{"rendered":"Crise na base: insatisfa\u00e7\u00e3o do Republicanos pressiona ACM Neto por vaga de vice ao Governo da Bahia"},"content":{"rendered":"<p><img decoding=\"async\" loading=\"lazy\" class=\"alignnone size-full wp-image-23129\" src=\"http:\/\/www.bahiananoticias.com.br\/v1\/wp-content\/uploads\/2026\/03\/IMG_7893.jpeg\" alt=\"\" width=\"600\" height=\"421\" srcset=\"https:\/\/www.bahiananoticias.com.br\/v1\/wp-content\/uploads\/2026\/03\/IMG_7893.jpeg 600w, https:\/\/www.bahiananoticias.com.br\/v1\/wp-content\/uploads\/2026\/03\/IMG_7893-300x211.jpeg 300w\" sizes=\"(max-width: 600px) 100vw, 600px\" \/><br \/>\nA disputa pela composi\u00e7\u00e3o da chapa de ACM Neto (Uni\u00e3o Brasil) ao Governo da Bahia entrou em uma fase delicada. Segundo informa\u00e7\u00f5es divulgadas pelo site Central de Pol\u00edtica, o Republicanos, um dos principais aliados do ex-prefeito de Salvador, demonstra forte insatisfa\u00e7\u00e3o com os rumos das negocia\u00e7\u00f5es internas.<\/p>\n<p>De acordo com bastidores apontados pela Central de Pol\u00edtica, o partido n\u00e3o aceita mais permanecer \u00e0 margem das decis\u00f5es estrat\u00e9gicas e avalia que j\u00e1 fez concess\u00f5es significativas no arco de alian\u00e7as, a exemplo do recuo na disputa por uma das vagas ao Senado.<\/p>\n<p>Para a c\u00fapula do Republicanos, o posto de vice \u00e9 considerado inegoci\u00e1vel e estrat\u00e9gico para o fortalecimento da legenda no estado. Entre os nomes colocados \u00e0 disposi\u00e7\u00e3o para compor a chapa est\u00e3o o do deputado federal M\u00e1rcio Marinho e o do ex-deputado Marcelo Nilo.<\/p>\n<p>Al\u00e9m da disputa por espa\u00e7o, a sigla tamb\u00e9m teria feito cr\u00edticas \u00e0 condu\u00e7\u00e3o pol\u00edtica de ACM Neto, apontando um perfil centralizador e demora na defini\u00e7\u00e3o da chapa completa, o que, segundo avalia\u00e7\u00e3o interna, pode favorecer os articuladores do governo estadual no controle da agenda eleitoral e no ritmo da campanha.<\/p>\n<p>A press\u00e3o cresce \u00e0 medida que outros nomes ganham for\u00e7a nas especula\u00e7\u00f5es para a vice, como os prefeitos Jos\u00e9 Ronaldo (Feira de Santana), Sheila Lemos (Vit\u00f3ria da Conquista) e Z\u00e9 Coc\u00e1 (Jequi\u00e9). Entre eles, o nome visto como mais vi\u00e1vel seria o da prefeita de Conquista, Sheila Lemos, por representar o interior e ampliar o alcance pol\u00edtico da chapa.<\/p>\n<p>Ainda conforme a Central de Pol\u00edtica, caso a escolha recaia sobre Sheila Lemos, o vice-prefeito Dr. Alo\u00edsio Alan, filiado ao Republicanos, assumiria a prefeitura. Diante do cen\u00e1rio, o partido sinaliza que n\u00e3o aceitar\u00e1 um papel secund\u00e1rio na estrutura que disputar\u00e1 o comando do Pal\u00e1cio de Ondina.<\/p>\n","protected":false},"excerpt":{"rendered":"<p>A disputa pela composi\u00e7\u00e3o da chapa de ACM Neto (Uni\u00e3o Brasil) ao Governo da Bahia entrou em uma fase delicada. Segundo informa\u00e7\u00f5es divulgadas pelo site Central de Pol\u00edtica, o Republicanos, um dos principais aliados do ex-prefeito de Salvador, demonstra forte insatisfa\u00e7\u00e3o com os rumos das negocia\u00e7\u00f5es internas. De acordo com bastidores apontados pela Central de [&hellip;]<\/p>\n","protected":false},"author":3,"featured_media":23129,"comment_status":"closed","ping_status":"closed","sticky":false,"template":"","format":"standard","meta":{"_links_to":"","_links_to_target":""},"categories":[11,2,1,10],"tags":[],"views":43,"_links":{"self":[{"href":"https:\/\/www.bahiananoticias.com.br\/v1\/wp-json\/wp\/v2\/posts\/23128"}],"collection":[{"href":"https:\/\/www.bahiananoticias.com.br\/v1\/wp-json\/wp\/v2\/posts"}],"about":[{"href":"https:\/\/www.bahiananoticias.com.br\/v1\/wp-json\/wp\/v2\/types\/post"}],"author":[{"embeddable":true,"href":"https:\/\/www.bahiananoticias.com.br\/v1\/wp-json\/wp\/v2\/users\/3"}],"replies":[{"embeddable":true,"href":"https:\/\/www.bahiananoticias.com.br\/v1\/wp-json\/wp\/v2\/comments?post=23128"}],"version-history":[{"count":1,"href":"https:\/\/www.bahiananoticias.com.br\/v1\/wp-json\/wp\/v2\/posts\/23128\/revisions"}],"predecessor-version":[{"id":23130,"href":"https:\/\/www.bahiananoticias.com.br\/v1\/wp-json\/wp\/v2\/posts\/23128\/revisions\/23130"}],"wp:featuredmedia":[{"embeddable":true,"href":"https:\/\/www.bahiananoticias.com.br\/v1\/wp-json\/wp\/v2\/media\/23129"}],"wp:attachment":[{"href":"https:\/\/www.bahiananoticias.com.br\/v1\/wp-json\/wp\/v2\/media?parent=23128"}],"wp:term":[{"taxonomy":"category","embeddable":true,"href":"https:\/\/www.bahiananoticias.com.br\/v1\/wp-json\/wp\/v2\/categories?post=23128"},{"taxonomy":"post_tag","embeddable":true,"href":"https:\/\/www.bahiananoticias.com.br\/v1\/wp-json\/wp\/v2\/tags?post=23128"}],"curies":[{"name":"wp","href":"https:\/\/api.w.org\/{rel}","templated":true}]}}