{"id":23124,"date":"2026-02-27T13:43:28","date_gmt":"2026-02-27T16:43:28","guid":{"rendered":"https:\/\/www.bahiananoticias.com.br\/v1\/?p=23124"},"modified":"2026-02-27T13:43:28","modified_gmt":"2026-02-27T16:43:28","slug":"caso-ranilta-bonella-julgamento-de-empresario-e-marcado-para-maio-de-2027","status":"publish","type":"post","link":"https:\/\/www.bahiananoticias.com.br\/v1\/2026\/02\/27\/caso-ranilta-bonella-julgamento-de-empresario-e-marcado-para-maio-de-2027\/","title":{"rendered":"Caso Ranilta Bonella: julgamento de empres\u00e1rio \u00e9 marcado para maio de 2027"},"content":{"rendered":"<p data-start=\"103\" data-end=\"381\">\n<div id=\"attachment_23125\" style=\"width: 610px\" class=\"wp-caption alignnone\"><img aria-describedby=\"caption-attachment-23125\" decoding=\"async\" loading=\"lazy\" class=\"size-full wp-image-23125\" src=\"http:\/\/www.bahiananoticias.com.br\/v1\/wp-content\/uploads\/2026\/02\/IMG_7440.jpeg\" alt=\"\" width=\"600\" height=\"419\" srcset=\"https:\/\/www.bahiananoticias.com.br\/v1\/wp-content\/uploads\/2026\/02\/IMG_7440.jpeg 600w, https:\/\/www.bahiananoticias.com.br\/v1\/wp-content\/uploads\/2026\/02\/IMG_7440-300x210.jpeg 300w\" sizes=\"(max-width: 600px) 100vw, 600px\" \/><p id=\"caption-attachment-23125\" class=\"wp-caption-text\">Screenshot<\/p><\/div>\n<p data-start=\"103\" data-end=\"381\">A Justi\u00e7a da Comarca de Ilh\u00e9us definiu para o dia 25 de maio de 2027, \u00e0s 8h, a realiza\u00e7\u00e3o do j\u00fari popular que ir\u00e1 julgar o empres\u00e1rio Tharciso Romeiro Santiago Aguiar. Ele \u00e9 acusado de homic\u00eddio ap\u00f3s atropelar a dentista Ranilta Bonella, em junho de 2022, na zona sul de Ilh\u00e9us.<\/p>\n<p data-start=\"383\" data-end=\"572\">De acordo com as informa\u00e7\u00f5es do processo, o atropelamento resultou na morte da v\u00edtima ainda no local do acidente. O caso teve grande repercuss\u00e3o na cidade e segue em tramita\u00e7\u00e3o desde ent\u00e3o.<\/p>\n<p data-start=\"574\" data-end=\"856\">Em despacho assinado na \u00faltima quinta-feira (26 de fevereiro), o juiz respons\u00e1vel pelo caso determinou ajustes na fase final da a\u00e7\u00e3o. Entre as medidas est\u00e3o a adequa\u00e7\u00e3o da lista de testemunhas e a organiza\u00e7\u00e3o dos pontos t\u00e9cnicos que dever\u00e3o ser esclarecidos antes da sess\u00e3o do j\u00fari.<\/p>\n<p data-start=\"858\" data-end=\"1069\">Com a data marcada, o processo entra na etapa decisiva. Durante o julgamento, o Conselho de Senten\u00e7a ser\u00e1 respons\u00e1vel por analisar as provas apresentadas e deliberar sobre a responsabilidade criminal do acusado.<\/p>\n<p data-start=\"1071\" data-end=\"1247\" data-is-last-node=\"\" data-is-only-node=\"\">A expectativa \u00e9 que o j\u00fari re\u00fana familiares da v\u00edtima, representantes da acusa\u00e7\u00e3o e da defesa, al\u00e9m de membros da sociedade civil convocados para compor o Conselho de Senten\u00e7a.<\/p>\n","protected":false},"excerpt":{"rendered":"<p>A Justi\u00e7a da Comarca de Ilh\u00e9us definiu para o dia 25 de maio de 2027, \u00e0s 8h, a realiza\u00e7\u00e3o do j\u00fari popular que ir\u00e1 julgar o empres\u00e1rio Tharciso Romeiro Santiago Aguiar. Ele \u00e9 acusado de homic\u00eddio ap\u00f3s atropelar a dentista Ranilta Bonella, em junho de 2022, na zona sul de Ilh\u00e9us. De acordo com as [&hellip;]<\/p>\n","protected":false},"author":3,"featured_media":23125,"comment_status":"closed","ping_status":"closed","sticky":false,"template":"","format":"standard","meta":{"_links_to":"","_links_to_target":""},"categories":[11,3,1,8,35],"tags":[],"views":56,"_links":{"self":[{"href":"https:\/\/www.bahiananoticias.com.br\/v1\/wp-json\/wp\/v2\/posts\/23124"}],"collection":[{"href":"https:\/\/www.bahiananoticias.com.br\/v1\/wp-json\/wp\/v2\/posts"}],"about":[{"href":"https:\/\/www.bahiananoticias.com.br\/v1\/wp-json\/wp\/v2\/types\/post"}],"author":[{"embeddable":true,"href":"https:\/\/www.bahiananoticias.com.br\/v1\/wp-json\/wp\/v2\/users\/3"}],"replies":[{"embeddable":true,"href":"https:\/\/www.bahiananoticias.com.br\/v1\/wp-json\/wp\/v2\/comments?post=23124"}],"version-history":[{"count":1,"href":"https:\/\/www.bahiananoticias.com.br\/v1\/wp-json\/wp\/v2\/posts\/23124\/revisions"}],"predecessor-version":[{"id":23126,"href":"https:\/\/www.bahiananoticias.com.br\/v1\/wp-json\/wp\/v2\/posts\/23124\/revisions\/23126"}],"wp:featuredmedia":[{"embeddable":true,"href":"https:\/\/www.bahiananoticias.com.br\/v1\/wp-json\/wp\/v2\/media\/23125"}],"wp:attachment":[{"href":"https:\/\/www.bahiananoticias.com.br\/v1\/wp-json\/wp\/v2\/media?parent=23124"}],"wp:term":[{"taxonomy":"category","embeddable":true,"href":"https:\/\/www.bahiananoticias.com.br\/v1\/wp-json\/wp\/v2\/categories?post=23124"},{"taxonomy":"post_tag","embeddable":true,"href":"https:\/\/www.bahiananoticias.com.br\/v1\/wp-json\/wp\/v2\/tags?post=23124"}],"curies":[{"name":"wp","href":"https:\/\/api.w.org\/{rel}","templated":true}]}}