{"id":23121,"date":"2026-02-26T23:10:52","date_gmt":"2026-02-27T02:10:52","guid":{"rendered":"https:\/\/www.bahiananoticias.com.br\/v1\/?p=23121"},"modified":"2026-02-26T23:10:52","modified_gmt":"2026-02-27T02:10:52","slug":"ex-juiza-que-reclamou-no-stf-por-nao-ter-nem-cafe-ganhou-r-296-mil-em-3-meses","status":"publish","type":"post","link":"https:\/\/www.bahiananoticias.com.br\/v1\/2026\/02\/26\/ex-juiza-que-reclamou-no-stf-por-nao-ter-nem-cafe-ganhou-r-296-mil-em-3-meses\/","title":{"rendered":"Ex-ju\u00edza que reclamou no STF por n\u00e3o ter \u201cnem caf\u00e9\u201d ganhou R$ 296 mil em 3 meses"},"content":{"rendered":"<p><img decoding=\"async\" loading=\"lazy\" class=\"alignnone size-full wp-image-23122\" src=\"http:\/\/www.bahiananoticias.com.br\/v1\/wp-content\/uploads\/2026\/02\/IMG_7423.jpeg\" alt=\"\" width=\"600\" height=\"312\" srcset=\"https:\/\/www.bahiananoticias.com.br\/v1\/wp-content\/uploads\/2026\/02\/IMG_7423.jpeg 600w, https:\/\/www.bahiananoticias.com.br\/v1\/wp-content\/uploads\/2026\/02\/IMG_7423-300x156.jpeg 300w\" sizes=\"(max-width: 600px) 100vw, 600px\" \/><\/p>\n<p>A ju\u00edza aposentada Cl\u00e1udia M\u00e1rcia de Carvalho Soares protagonizou debate no Supremo Tribunal Federal ao defender a manuten\u00e7\u00e3o das chamadas verbas indenizat\u00f3rias \u2014 os chamados \u201cpenduricalhos\u201d. Durante a sess\u00e3o que analisava decis\u00f5es dos ministros Fl\u00e1vio Dino e Gilmar Mendes para restringir pagamentos acima do teto constitucional, ela afirmou que magistrados de primeiro grau n\u00e3o disp\u00f5em de estrutura adequada, dizendo que n\u00e3o t\u00eam \u201cnem \u00e1gua nem caf\u00e9\u201d.<\/p>\n<p>Apesar do discurso, registros salariais do Tribunal Regional do Trabalho da 1\u00aa Regi\u00e3o mostram que a ex-magistrada recebeu R$ 296 mil apenas nos tr\u00eas \u00faltimos meses de 2025. Em dezembro, m\u00eas que inclui 13\u00ba sal\u00e1rio e outras vantagens, o valor chegou a R$ 113,8 mil \u2014 mais que o dobro do teto do funcionalismo p\u00fablico, atualmente fixado em R$ 46,3 mil. Ao longo de todo o ano, os vencimentos ficaram acima de R$ 40 mil mensais.<\/p>\n<p>Levantamento anual indica ainda que, diferentemente dos R$ 24 mil l\u00edquidos mencionados na tribuna, n\u00e3o houve m\u00eas em 2025 em que a remunera\u00e7\u00e3o tenha ficado nesse patamar. O caso reacendeu o debate sobre supersal\u00e1rios no Judici\u00e1rio e a aplica\u00e7\u00e3o do teto constitucional.<\/p>\n<p>Valores recebidos m\u00eas a m\u00eas em 2025:<\/p>\n<p>Janeiro \u2013 R$ 63,1 mil<\/p>\n<p>Fevereiro \u2013 R$ 46,6 mil<\/p>\n<p>Mar\u00e7o \u2013 R$ 44,6 mil<\/p>\n<p>Abril \u2013 R$ 44,7 mil<\/p>\n<p>Maio \u2013 R$ 44,7 mil<\/p>\n<p>Junho \u2013 R$ 44,7 mil<\/p>\n<p>Julho \u2013 R$ 44,7 mil<\/p>\n<p>Agosto \u2013 R$ 44,7 mil<\/p>\n<p>Setembro \u2013 R$ 44,7 mil<\/p>\n<p>Outubro \u2013 R$ 91,1 mil<\/p>\n<p>Novembro \u2013 R$ 91,1 mil<\/p>\n<p>Dezembro \u2013 R$ 113,8 mil<\/p>\n","protected":false},"excerpt":{"rendered":"<p>A ju\u00edza aposentada Cl\u00e1udia M\u00e1rcia de Carvalho Soares protagonizou debate no Supremo Tribunal Federal ao defender a manuten\u00e7\u00e3o das chamadas verbas indenizat\u00f3rias \u2014 os chamados \u201cpenduricalhos\u201d. Durante a sess\u00e3o que analisava decis\u00f5es dos ministros Fl\u00e1vio Dino e Gilmar Mendes para restringir pagamentos acima do teto constitucional, ela afirmou que magistrados de primeiro grau n\u00e3o disp\u00f5em [&hellip;]<\/p>\n","protected":false},"author":3,"featured_media":23122,"comment_status":"closed","ping_status":"closed","sticky":false,"template":"","format":"standard","meta":{"_links_to":"","_links_to_target":""},"categories":[9,2,1,22],"tags":[],"views":85,"_links":{"self":[{"href":"https:\/\/www.bahiananoticias.com.br\/v1\/wp-json\/wp\/v2\/posts\/23121"}],"collection":[{"href":"https:\/\/www.bahiananoticias.com.br\/v1\/wp-json\/wp\/v2\/posts"}],"about":[{"href":"https:\/\/www.bahiananoticias.com.br\/v1\/wp-json\/wp\/v2\/types\/post"}],"author":[{"embeddable":true,"href":"https:\/\/www.bahiananoticias.com.br\/v1\/wp-json\/wp\/v2\/users\/3"}],"replies":[{"embeddable":true,"href":"https:\/\/www.bahiananoticias.com.br\/v1\/wp-json\/wp\/v2\/comments?post=23121"}],"version-history":[{"count":1,"href":"https:\/\/www.bahiananoticias.com.br\/v1\/wp-json\/wp\/v2\/posts\/23121\/revisions"}],"predecessor-version":[{"id":23123,"href":"https:\/\/www.bahiananoticias.com.br\/v1\/wp-json\/wp\/v2\/posts\/23121\/revisions\/23123"}],"wp:featuredmedia":[{"embeddable":true,"href":"https:\/\/www.bahiananoticias.com.br\/v1\/wp-json\/wp\/v2\/media\/23122"}],"wp:attachment":[{"href":"https:\/\/www.bahiananoticias.com.br\/v1\/wp-json\/wp\/v2\/media?parent=23121"}],"wp:term":[{"taxonomy":"category","embeddable":true,"href":"https:\/\/www.bahiananoticias.com.br\/v1\/wp-json\/wp\/v2\/categories?post=23121"},{"taxonomy":"post_tag","embeddable":true,"href":"https:\/\/www.bahiananoticias.com.br\/v1\/wp-json\/wp\/v2\/tags?post=23121"}],"curies":[{"name":"wp","href":"https:\/\/api.w.org\/{rel}","templated":true}]}}