{"id":23117,"date":"2026-02-26T23:00:14","date_gmt":"2026-02-27T02:00:14","guid":{"rendered":"https:\/\/www.bahiananoticias.com.br\/v1\/?p=23117"},"modified":"2026-02-26T23:00:14","modified_gmt":"2026-02-27T02:00:14","slug":"comissao-e-frente-de-mulheres-da-camara-de-ilheus-preparam-acoes-para-o-marco-mulher","status":"publish","type":"post","link":"https:\/\/www.bahiananoticias.com.br\/v1\/2026\/02\/26\/comissao-e-frente-de-mulheres-da-camara-de-ilheus-preparam-acoes-para-o-marco-mulher\/","title":{"rendered":"Comiss\u00e3o e Frente de Mulheres da C\u00e2mara de Ilh\u00e9us preparam a\u00e7\u00f5es para o Mar\u00e7o Mulher"},"content":{"rendered":"<p><img decoding=\"async\" loading=\"lazy\" class=\"alignnone size-full wp-image-23118\" src=\"http:\/\/www.bahiananoticias.com.br\/v1\/wp-content\/uploads\/2026\/02\/IMG_7420.jpeg\" alt=\"\" width=\"595\" height=\"500\" srcset=\"https:\/\/www.bahiananoticias.com.br\/v1\/wp-content\/uploads\/2026\/02\/IMG_7420.jpeg 595w, https:\/\/www.bahiananoticias.com.br\/v1\/wp-content\/uploads\/2026\/02\/IMG_7420-300x252.jpeg 300w\" sizes=\"(max-width: 595px) 100vw, 595px\" \/><\/p>\n<p>A Comiss\u00e3o e a Frente Parlamentar das Mulheres da C\u00e2mara Municipal de Ilh\u00e9us (CMI) se reuniram, nesta quarta-feira (25\/02), para discutir a\u00e7\u00f5es alusivas \u00e0 campanha \u2018Mar\u00e7o Mulher 2026\u2019. Na ocasi\u00e3o, j\u00e1 foram definidas duas atividades que ser\u00e3o realizadas no munic\u00edpio pelos coletivos, no m\u00eas dedicado ao combate \u00e0 viol\u00eancia e \u00e0 desigualdade de g\u00eanero.<\/p>\n<p>Est\u00e1 prevista uma audi\u00eancia p\u00fablica na CMI para debater a constru\u00e7\u00e3o do Pacto Municipal de Enfrentamento ao Feminic\u00eddio, al\u00e9m da organiza\u00e7\u00e3o de uma caravana para levar aos bairros da cidade atendimentos psicol\u00f3gicos a v\u00edtimas de viol\u00eancia, por meio de um \u00f4nibus itinerante.<\/p>\n<p>Participaram da reuni\u00e3o as vereadoras Enilda Mendon\u00e7a (PT) e R\u00fabia Carvalho (AGIR), o vereador Maur\u00edcio Galv\u00e3o (PSB) e a assessoria do vereador Neto da Sa\u00fade (PMB).<\/p>\n<p>*Novas a\u00e7\u00f5es*<br \/>\nO encontro tamb\u00e9m avan\u00e7ou na discuss\u00e3o sobre o calend\u00e1rio anual e definiu algumas das a\u00e7\u00f5es para depois de mar\u00e7o: encontros mensais para debater campanhas de combate \u00e0 viol\u00eancia contra as mulheres; aula de conscientiza\u00e7\u00e3o para pais e estudantes das escolas dos distritos; corrida contra o feminic\u00eddio; e uma campanha de doa\u00e7\u00e3o de sangue.<\/p>\n<p>&#8212; &#8212;<br \/>\n_Comunica\u00e7\u00e3o da C\u00e2mara Municipal de Ilh\u00e9us (CMI)_<br \/>\n_@camaradeilheusoficial_<\/p>\n","protected":false},"excerpt":{"rendered":"<p>A Comiss\u00e3o e a Frente Parlamentar das Mulheres da C\u00e2mara Municipal de Ilh\u00e9us (CMI) se reuniram, nesta quarta-feira (25\/02), para discutir a\u00e7\u00f5es alusivas \u00e0 campanha \u2018Mar\u00e7o Mulher 2026\u2019. Na ocasi\u00e3o, j\u00e1 foram definidas duas atividades que ser\u00e3o realizadas no munic\u00edpio pelos coletivos, no m\u00eas dedicado ao combate \u00e0 viol\u00eancia e \u00e0 desigualdade de g\u00eanero. Est\u00e1 [&hellip;]<\/p>\n","protected":false},"author":3,"featured_media":23118,"comment_status":"closed","ping_status":"closed","sticky":false,"template":"","format":"standard","meta":{"_links_to":"","_links_to_target":""},"categories":[11,2,10,35],"tags":[],"views":54,"_links":{"self":[{"href":"https:\/\/www.bahiananoticias.com.br\/v1\/wp-json\/wp\/v2\/posts\/23117"}],"collection":[{"href":"https:\/\/www.bahiananoticias.com.br\/v1\/wp-json\/wp\/v2\/posts"}],"about":[{"href":"https:\/\/www.bahiananoticias.com.br\/v1\/wp-json\/wp\/v2\/types\/post"}],"author":[{"embeddable":true,"href":"https:\/\/www.bahiananoticias.com.br\/v1\/wp-json\/wp\/v2\/users\/3"}],"replies":[{"embeddable":true,"href":"https:\/\/www.bahiananoticias.com.br\/v1\/wp-json\/wp\/v2\/comments?post=23117"}],"version-history":[{"count":1,"href":"https:\/\/www.bahiananoticias.com.br\/v1\/wp-json\/wp\/v2\/posts\/23117\/revisions"}],"predecessor-version":[{"id":23119,"href":"https:\/\/www.bahiananoticias.com.br\/v1\/wp-json\/wp\/v2\/posts\/23117\/revisions\/23119"}],"wp:featuredmedia":[{"embeddable":true,"href":"https:\/\/www.bahiananoticias.com.br\/v1\/wp-json\/wp\/v2\/media\/23118"}],"wp:attachment":[{"href":"https:\/\/www.bahiananoticias.com.br\/v1\/wp-json\/wp\/v2\/media?parent=23117"}],"wp:term":[{"taxonomy":"category","embeddable":true,"href":"https:\/\/www.bahiananoticias.com.br\/v1\/wp-json\/wp\/v2\/categories?post=23117"},{"taxonomy":"post_tag","embeddable":true,"href":"https:\/\/www.bahiananoticias.com.br\/v1\/wp-json\/wp\/v2\/tags?post=23117"}],"curies":[{"name":"wp","href":"https:\/\/api.w.org\/{rel}","templated":true}]}}