{"id":23108,"date":"2026-02-26T09:22:00","date_gmt":"2026-02-26T12:22:00","guid":{"rendered":"https:\/\/www.bahiananoticias.com.br\/v1\/?p=23108"},"modified":"2026-02-26T09:22:00","modified_gmt":"2026-02-26T12:22:00","slug":"avante-bahia-marao-se-reune-com-ronaldo-carletto-para-articular-novos-projetos-para-ilheus-regiao-e-toda-a-bahia","status":"publish","type":"post","link":"https:\/\/www.bahiananoticias.com.br\/v1\/2026\/02\/26\/avante-bahia-marao-se-reune-com-ronaldo-carletto-para-articular-novos-projetos-para-ilheus-regiao-e-toda-a-bahia\/","title":{"rendered":"AVANTE BAHIA: Mar\u00e3o se re\u00fane com Ronaldo Carletto para articular novos projetos para Ilh\u00e9us, regi\u00e3o e toda a Bahia."},"content":{"rendered":"<p><img decoding=\"async\" loading=\"lazy\" class=\"alignnone size-full wp-image-23109 alignleft\" src=\"http:\/\/www.bahiananoticias.com.br\/v1\/wp-content\/uploads\/2026\/02\/00429c49-7081-41b5-94a4-da462a832924.jpeg\" alt=\"\" width=\"600\" height=\"376\" srcset=\"https:\/\/www.bahiananoticias.com.br\/v1\/wp-content\/uploads\/2026\/02\/00429c49-7081-41b5-94a4-da462a832924.jpeg 600w, https:\/\/www.bahiananoticias.com.br\/v1\/wp-content\/uploads\/2026\/02\/00429c49-7081-41b5-94a4-da462a832924-300x188.jpeg 300w\" sizes=\"(max-width: 600px) 100vw, 600px\" \/><\/p>\n<p>O ex-prefeito de Ilh\u00e9us, Mar\u00e3o, esteve nesta semana na sede do Avante, em Salvador, onde participou de uma importante reuni\u00e3o com o presidente estadual da sigla, Ronaldo Carletto. O encontro contou tamb\u00e9m com a presen\u00e7a da deputada estadual Soane Galv\u00e3o (PSB).<\/p>\n<p>A audi\u00eancia teve como pauta principal a busca por novos projetos, investimentos e oportunidades para Ilh\u00e9us e toda a regi\u00e3o sul da Bahia. Segundo os participantes, a reuni\u00e3o refor\u00e7a o compromisso com o desenvolvimento regional, a gera\u00e7\u00e3o de empregos e a amplia\u00e7\u00e3o de pol\u00edticas p\u00fablicas que beneficiem diretamente a popula\u00e7\u00e3o.<\/p>\n<p>O clima foi de otimismo e alinhamento pol\u00edtico, sinalizando a constru\u00e7\u00e3o de novas parcerias e iniciativas que devem trazer avan\u00e7os significativos para Ilh\u00e9us e demais munic\u00edpios baianos.<\/p>\n<p>\u201cVem coisa boa chegando\u201d, destacou Mar\u00e3o, reafirmando a esperan\u00e7a em um novo tempo de crescimento e conquistas para o povo baiano.<\/p>\n","protected":false},"excerpt":{"rendered":"<p>O ex-prefeito de Ilh\u00e9us, Mar\u00e3o, esteve nesta semana na sede do Avante, em Salvador, onde participou de uma importante reuni\u00e3o com o presidente estadual da sigla, Ronaldo Carletto. O encontro contou tamb\u00e9m com a presen\u00e7a da deputada estadual Soane Galv\u00e3o (PSB). A audi\u00eancia teve como pauta principal a busca por novos projetos, investimentos e oportunidades [&hellip;]<\/p>\n","protected":false},"author":3,"featured_media":23109,"comment_status":"closed","ping_status":"closed","sticky":false,"template":"","format":"standard","meta":{"_links_to":"","_links_to_target":""},"categories":[11,2,1,10,35],"tags":[],"views":47,"_links":{"self":[{"href":"https:\/\/www.bahiananoticias.com.br\/v1\/wp-json\/wp\/v2\/posts\/23108"}],"collection":[{"href":"https:\/\/www.bahiananoticias.com.br\/v1\/wp-json\/wp\/v2\/posts"}],"about":[{"href":"https:\/\/www.bahiananoticias.com.br\/v1\/wp-json\/wp\/v2\/types\/post"}],"author":[{"embeddable":true,"href":"https:\/\/www.bahiananoticias.com.br\/v1\/wp-json\/wp\/v2\/users\/3"}],"replies":[{"embeddable":true,"href":"https:\/\/www.bahiananoticias.com.br\/v1\/wp-json\/wp\/v2\/comments?post=23108"}],"version-history":[{"count":1,"href":"https:\/\/www.bahiananoticias.com.br\/v1\/wp-json\/wp\/v2\/posts\/23108\/revisions"}],"predecessor-version":[{"id":23110,"href":"https:\/\/www.bahiananoticias.com.br\/v1\/wp-json\/wp\/v2\/posts\/23108\/revisions\/23110"}],"wp:featuredmedia":[{"embeddable":true,"href":"https:\/\/www.bahiananoticias.com.br\/v1\/wp-json\/wp\/v2\/media\/23109"}],"wp:attachment":[{"href":"https:\/\/www.bahiananoticias.com.br\/v1\/wp-json\/wp\/v2\/media?parent=23108"}],"wp:term":[{"taxonomy":"category","embeddable":true,"href":"https:\/\/www.bahiananoticias.com.br\/v1\/wp-json\/wp\/v2\/categories?post=23108"},{"taxonomy":"post_tag","embeddable":true,"href":"https:\/\/www.bahiananoticias.com.br\/v1\/wp-json\/wp\/v2\/tags?post=23108"}],"curies":[{"name":"wp","href":"https:\/\/api.w.org\/{rel}","templated":true}]}}