{"id":21884,"date":"2025-12-21T12:08:14","date_gmt":"2025-12-21T15:08:14","guid":{"rendered":"https:\/\/www.bahiananoticias.com.br\/v1\/?p=21884"},"modified":"2025-12-21T12:08:14","modified_gmt":"2025-12-21T15:08:14","slug":"cesar-porto-agradece-confraternizacao-dos-progressistas-e-destaca-uniao-lideranca-e-fortalecimento-do-partido","status":"publish","type":"post","link":"https:\/\/www.bahiananoticias.com.br\/v1\/2025\/12\/21\/cesar-porto-agradece-confraternizacao-dos-progressistas-e-destaca-uniao-lideranca-e-fortalecimento-do-partido\/","title":{"rendered":"C\u00e9sar Porto agradece confraterniza\u00e7\u00e3o dos Progressistas e destaca uni\u00e3o, lideran\u00e7a e fortalecimento do partido"},"content":{"rendered":"<p><img decoding=\"async\" loading=\"lazy\" class=\"alignnone size-full wp-image-21885\" src=\"http:\/\/www.bahiananoticias.com.br\/v1\/wp-content\/uploads\/2025\/12\/95b0c0f9-dca3-4d93-992d-4c2d87c8dd5d.jpeg\" alt=\"\" width=\"290\" height=\"500\" srcset=\"https:\/\/www.bahiananoticias.com.br\/v1\/wp-content\/uploads\/2025\/12\/95b0c0f9-dca3-4d93-992d-4c2d87c8dd5d.jpeg 290w, https:\/\/www.bahiananoticias.com.br\/v1\/wp-content\/uploads\/2025\/12\/95b0c0f9-dca3-4d93-992d-4c2d87c8dd5d-174x300.jpeg 174w\" sizes=\"(max-width: 290px) 100vw, 290px\" \/><br \/>\nNa condi\u00e7\u00e3o de presidente da C\u00e2mara de Vereadores de Ilh\u00e9us, expresso meu sincero agradecimento aos organizadores do evento de confraterniza\u00e7\u00e3o do Partido Progressistas, que, com dedica\u00e7\u00e3o, zelo e elevado esp\u00edrito coletivo, proporcionaram um momento de grande relev\u00e2ncia para todos n\u00f3s.<\/p>\n<p>Registro, de forma especial, meu reconhecimento ao carinho, \u00e0 receptividade e \u00e0 expressiva participa\u00e7\u00e3o de todos e todas que prestigiaram o encontro, reafirmando a for\u00e7a da nossa uni\u00e3o e o compromisso com os valores que norteiam o nosso projeto pol\u00edtico.<\/p>\n<p>Em nome do professor e nosso l\u00edder, Jabes Ribeiro, manifesto meu agradecimento \u00e0 executiva do partido pelo acolhimento e pela condu\u00e7\u00e3o respons\u00e1vel dos trabalhos. Destaco, ainda, o papel fundamental do n\u00facleo feminino do Progressistas, na pessoa de Luciana Paulet, lideran\u00e7a atuante e comprometida, cuja dedica\u00e7\u00e3o tem fortalecido de maneira significativa a presen\u00e7a e a participa\u00e7\u00e3o das mulheres no partido.<\/p>\n<p>Reitero meu reconhecimento a todos os progressistas, que seguem firmes, unidos e empenhados na constru\u00e7\u00e3o de um projeto s\u00f3lido, participativo e voltado para o desenvolvimento de Ilh\u00e9us.<\/p>\n<p><img decoding=\"async\" loading=\"lazy\" class=\"alignnone size-full wp-image-21886\" src=\"http:\/\/www.bahiananoticias.com.br\/v1\/wp-content\/uploads\/2025\/12\/f0ee863f-8a6a-4f4a-a1fe-db798c88160d.jpeg\" alt=\"\" width=\"600\" height=\"429\" srcset=\"https:\/\/www.bahiananoticias.com.br\/v1\/wp-content\/uploads\/2025\/12\/f0ee863f-8a6a-4f4a-a1fe-db798c88160d.jpeg 600w, https:\/\/www.bahiananoticias.com.br\/v1\/wp-content\/uploads\/2025\/12\/f0ee863f-8a6a-4f4a-a1fe-db798c88160d-300x215.jpeg 300w\" sizes=\"(max-width: 600px) 100vw, 600px\" \/><\/p>\n","protected":false},"excerpt":{"rendered":"<p>Na condi\u00e7\u00e3o de presidente da C\u00e2mara de Vereadores de Ilh\u00e9us, expresso meu sincero agradecimento aos organizadores do evento de confraterniza\u00e7\u00e3o do Partido Progressistas, que, com dedica\u00e7\u00e3o, zelo e elevado esp\u00edrito coletivo, proporcionaram um momento de grande relev\u00e2ncia para todos n\u00f3s. Registro, de forma especial, meu reconhecimento ao carinho, \u00e0 receptividade e \u00e0 expressiva participa\u00e7\u00e3o de [&hellip;]<\/p>\n","protected":false},"author":3,"featured_media":21885,"comment_status":"closed","ping_status":"closed","sticky":false,"template":"","format":"standard","meta":{"_links_to":"","_links_to_target":""},"categories":[2,1,10,35],"tags":[],"views":154,"_links":{"self":[{"href":"https:\/\/www.bahiananoticias.com.br\/v1\/wp-json\/wp\/v2\/posts\/21884"}],"collection":[{"href":"https:\/\/www.bahiananoticias.com.br\/v1\/wp-json\/wp\/v2\/posts"}],"about":[{"href":"https:\/\/www.bahiananoticias.com.br\/v1\/wp-json\/wp\/v2\/types\/post"}],"author":[{"embeddable":true,"href":"https:\/\/www.bahiananoticias.com.br\/v1\/wp-json\/wp\/v2\/users\/3"}],"replies":[{"embeddable":true,"href":"https:\/\/www.bahiananoticias.com.br\/v1\/wp-json\/wp\/v2\/comments?post=21884"}],"version-history":[{"count":1,"href":"https:\/\/www.bahiananoticias.com.br\/v1\/wp-json\/wp\/v2\/posts\/21884\/revisions"}],"predecessor-version":[{"id":21887,"href":"https:\/\/www.bahiananoticias.com.br\/v1\/wp-json\/wp\/v2\/posts\/21884\/revisions\/21887"}],"wp:featuredmedia":[{"embeddable":true,"href":"https:\/\/www.bahiananoticias.com.br\/v1\/wp-json\/wp\/v2\/media\/21885"}],"wp:attachment":[{"href":"https:\/\/www.bahiananoticias.com.br\/v1\/wp-json\/wp\/v2\/media?parent=21884"}],"wp:term":[{"taxonomy":"category","embeddable":true,"href":"https:\/\/www.bahiananoticias.com.br\/v1\/wp-json\/wp\/v2\/categories?post=21884"},{"taxonomy":"post_tag","embeddable":true,"href":"https:\/\/www.bahiananoticias.com.br\/v1\/wp-json\/wp\/v2\/tags?post=21884"}],"curies":[{"name":"wp","href":"https:\/\/api.w.org\/{rel}","templated":true}]}}