{"id":21881,"date":"2025-12-19T13:21:35","date_gmt":"2025-12-19T16:21:35","guid":{"rendered":"https:\/\/www.bahiananoticias.com.br\/v1\/?p=21881"},"modified":"2025-12-19T13:21:35","modified_gmt":"2025-12-19T16:21:35","slug":"valesca-mayssa-e-gerson-rufino-sao-anunciados-por-valderico-junior-em-evento-gospel-em-ilheus","status":"publish","type":"post","link":"https:\/\/www.bahiananoticias.com.br\/v1\/2025\/12\/19\/valesca-mayssa-e-gerson-rufino-sao-anunciados-por-valderico-junior-em-evento-gospel-em-ilheus\/","title":{"rendered":"Valesca Mayssa e Gerson Rufino s\u00e3o anunciados por Valderico J\u00fanior em evento gospel em Ilh\u00e9us"},"content":{"rendered":"<p><img decoding=\"async\" loading=\"lazy\" class=\"alignnone size-full wp-image-21880\" src=\"http:\/\/www.bahiananoticias.com.br\/v1\/wp-content\/uploads\/2025\/12\/IMG_2984.jpeg\" alt=\"\" width=\"600\" height=\"199\" srcset=\"https:\/\/www.bahiananoticias.com.br\/v1\/wp-content\/uploads\/2025\/12\/IMG_2984.jpeg 600w, https:\/\/www.bahiananoticias.com.br\/v1\/wp-content\/uploads\/2025\/12\/IMG_2984-300x100.jpeg 300w\" sizes=\"(max-width: 600px) 100vw, 600px\" \/><\/p>\n<p>O prefeito de Ilh\u00e9us, Valderico J\u00fanior, anunciou nesta ter\u00e7a-feira, durante entrevista ao programa Tropa de Elite, da R\u00e1dio Gabriela, a realiza\u00e7\u00e3o de um grande evento gospel no munic\u00edpio, marcado para o dia 28. Na oportunidade, o gestor confirmou os nomes de Valesca Mayssa e Gerson Rufino como atra\u00e7\u00f5es principais da programa\u00e7\u00e3o.<\/p>\n<p>A entrevista foi conduzida pelos radialistas Marinho Santos e Robertinho Scarpita. Durante a conversa, Valderico J\u00fanior destacou que o evento tem como objetivo promover um momento de f\u00e9, louvor e celebra\u00e7\u00e3o, reunindo fam\u00edlias ilheenses e visitantes. O prefeito ressaltou ainda que a iniciativa integra o calend\u00e1rio cultural da cidade e reafirma o compromisso da gest\u00e3o municipal com o respeito \u00e0 diversidade religiosa e o incentivo a eventos que fortalecem os valores espirituais e comunit\u00e1rios em Ilh\u00e9us.<\/p>\n","protected":false},"excerpt":{"rendered":"<p>O prefeito de Ilh\u00e9us, Valderico J\u00fanior, anunciou nesta ter\u00e7a-feira, durante entrevista ao programa Tropa de Elite, da R\u00e1dio Gabriela, a realiza\u00e7\u00e3o de um grande evento gospel no munic\u00edpio, marcado para o dia 28. Na oportunidade, o gestor confirmou os nomes de Valesca Mayssa e Gerson Rufino como atra\u00e7\u00f5es principais da programa\u00e7\u00e3o. A entrevista foi conduzida [&hellip;]<\/p>\n","protected":false},"author":3,"featured_media":21880,"comment_status":"closed","ping_status":"closed","sticky":false,"template":"","format":"standard","meta":{"_links_to":"","_links_to_target":""},"categories":[2,1,10,35],"tags":[],"views":116,"_links":{"self":[{"href":"https:\/\/www.bahiananoticias.com.br\/v1\/wp-json\/wp\/v2\/posts\/21881"}],"collection":[{"href":"https:\/\/www.bahiananoticias.com.br\/v1\/wp-json\/wp\/v2\/posts"}],"about":[{"href":"https:\/\/www.bahiananoticias.com.br\/v1\/wp-json\/wp\/v2\/types\/post"}],"author":[{"embeddable":true,"href":"https:\/\/www.bahiananoticias.com.br\/v1\/wp-json\/wp\/v2\/users\/3"}],"replies":[{"embeddable":true,"href":"https:\/\/www.bahiananoticias.com.br\/v1\/wp-json\/wp\/v2\/comments?post=21881"}],"version-history":[{"count":1,"href":"https:\/\/www.bahiananoticias.com.br\/v1\/wp-json\/wp\/v2\/posts\/21881\/revisions"}],"predecessor-version":[{"id":21882,"href":"https:\/\/www.bahiananoticias.com.br\/v1\/wp-json\/wp\/v2\/posts\/21881\/revisions\/21882"}],"wp:featuredmedia":[{"embeddable":true,"href":"https:\/\/www.bahiananoticias.com.br\/v1\/wp-json\/wp\/v2\/media\/21880"}],"wp:attachment":[{"href":"https:\/\/www.bahiananoticias.com.br\/v1\/wp-json\/wp\/v2\/media?parent=21881"}],"wp:term":[{"taxonomy":"category","embeddable":true,"href":"https:\/\/www.bahiananoticias.com.br\/v1\/wp-json\/wp\/v2\/categories?post=21881"},{"taxonomy":"post_tag","embeddable":true,"href":"https:\/\/www.bahiananoticias.com.br\/v1\/wp-json\/wp\/v2\/tags?post=21881"}],"curies":[{"name":"wp","href":"https:\/\/api.w.org\/{rel}","templated":true}]}}