{"id":21821,"date":"2025-12-05T17:06:16","date_gmt":"2025-12-05T20:06:16","guid":{"rendered":"https:\/\/www.bahiananoticias.com.br\/v1\/?p=21821"},"modified":"2025-12-05T17:06:16","modified_gmt":"2025-12-05T20:06:16","slug":"soane-e-marao-articulam-com-a-seinfra-obras-prioritarias-para-ilheus-una-ibicui-almadina-e-itapitanga","status":"publish","type":"post","link":"https:\/\/www.bahiananoticias.com.br\/v1\/2025\/12\/05\/soane-e-marao-articulam-com-a-seinfra-obras-prioritarias-para-ilheus-una-ibicui-almadina-e-itapitanga\/","title":{"rendered":"Soane e Mar\u00e3o Articulam com a SEINFRA Obras Priorit\u00e1rias para Ilh\u00e9us, Una, Ibicu\u00ed, Almadina e Itapitanga"},"content":{"rendered":"<p><img decoding=\"async\" loading=\"lazy\" class=\"alignnone size-full wp-image-21822\" src=\"http:\/\/www.bahiananoticias.com.br\/v1\/wp-content\/uploads\/2025\/12\/IMG_1406.jpeg\" alt=\"\" width=\"600\" height=\"400\" srcset=\"https:\/\/www.bahiananoticias.com.br\/v1\/wp-content\/uploads\/2025\/12\/IMG_1406.jpeg 600w, https:\/\/www.bahiananoticias.com.br\/v1\/wp-content\/uploads\/2025\/12\/IMG_1406-300x200.jpeg 300w\" sizes=\"(max-width: 600px) 100vw, 600px\" \/><\/p>\n<p>A deputada estadual Soane Galv\u00e3o e o ex-prefeito Mar\u00e3o participaram, durante a semana, de uma audi\u00eancia estrat\u00e9gica com o secret\u00e1rio interino de Infraestrutura da Bahia, Saulo Pontes, refor\u00e7ando o compromisso de ambos com a acelera\u00e7\u00e3o de obras essenciais para o desenvolvimento de Ilh\u00e9us e de toda a regi\u00e3o Sul.<\/p>\n<p>*Obras Priorit\u00e1rias em Foco*<\/p>\n<p>Durante a reuni\u00e3o, a dupla apresentou uma pauta robusta, destacando:<\/p>\n<p>\u2022 Pavimenta\u00e7\u00e3o do trecho Ilh\u00e9us\u2013Buerarema at\u00e9 Couto (2,7 km), considerada fundamental para a seguran\u00e7a vi\u00e1ria e o escoamento da produ\u00e7\u00e3o;<\/p>\n<p>\u2022 Nova Central de Abastecimento, demanda registrada pessoalmente por Soane e vista como<br \/>\nimprescind\u00edvel para a economia local;<\/p>\n<p>\u2022 Amplia\u00e7\u00e3o da pista do Aeroporto de Ilh\u00e9us, investimento estimado em R$ 70 milh\u00f5es, com potencial de ampliar o turismo e melhorar a opera\u00e7\u00e3o a\u00e9rea;<\/p>\n<p>\u2022 Requalifica\u00e7\u00e3o do acesso ao Polo Industrial e ao Polo de Inform\u00e1tica, obra j\u00e1 com recursos assegurados pelo Estado;<\/p>\n<p>\u2022 Retomada da 2\u00aa etapa da BA-001 \u2013 Orla Sul, uma das mais importantes vias costeiras do munic\u00edpio;<\/p>\n<p>&nbsp;<\/p>\n<p>Ap\u00f3s o encontro, Mar\u00e3o destacou o alinhamento com o Governo do Estado e a import\u00e2ncia da articula\u00e7\u00e3o para garantir \u201cboas not\u00edcias e avan\u00e7os concretos\u201d para Ilh\u00e9us.<\/p>\n<p>Al\u00e9m das pautas de Ilh\u00e9us, Soane e Mar\u00e3o aproveitaram a audi\u00eancia para defender demandas estruturantes de munic\u00edpios vizinhos, refor\u00e7ando o papel regional da deputada e do ex-prefeito:<\/p>\n<p>\u2022 Ibicu\u00ed: pavimenta\u00e7\u00e3o da BA-130 (Ibicu\u00ed\u2013Dario Meira);<\/p>\n<p>\u2022 Almadina: instala\u00e7\u00e3o de sinaliza\u00e7\u00e3o e redutores de velocidade;<\/p>\n<p>\u2022 Una: manuten\u00e7\u00e3o emergencial da estrada Una\u2013Santa Luzia e requalifica\u00e7\u00e3o da via Ilh\u00e9us\u2013Una;<\/p>\n<p>\u2022 Itapitanga: pavimenta\u00e7\u00e3o asf\u00e1ltica;<\/p>\n<p>\u2022 Santo Amaro: melhorias na Encosta da Rua H, na Candol\u00e2ndia.<\/p>\n<p>\u2022 Itoror\u00f3:Requerimento para constru\u00e7\u00e3o da passarela na ponte Euj\u00e1cio Sim\u00f5es<\/p>\n<p>\u2022 Condeuba: pavimenta\u00e7\u00e3o asf\u00e1ltica da Av. Integra\u00e7\u00e3o Irm\u00e3 Dulce; Pavimenta\u00e7\u00e3o da Av. Bras\u00edlia com in\u00edcio na BA-148 e Sinaliza\u00e7\u00e3o Vi\u00e1ria (Vertical e horizontal).<\/p>\n<p>\u2022 Col\u00f4nia de Una: Requalifica\u00e7\u00e3o asf\u00e1ltica da estrada Ilh\u00e9us x Una (BA-001), da entrada da cidade.<\/p>\n<p>Com articula\u00e7\u00e3o firme e di\u00e1logo direto com a SEINFRA e o Governo da Bahia, Soane Galv\u00e3o e Mar\u00e3o seguem ampliando conquistas, acelerando projetos e garantindo que as principais demandas de Ilh\u00e9us e regi\u00e3o permane\u00e7am no centro das decis\u00f5es estaduais.<\/p>\n","protected":false},"excerpt":{"rendered":"<p>A deputada estadual Soane Galv\u00e3o e o ex-prefeito Mar\u00e3o participaram, durante a semana, de uma audi\u00eancia estrat\u00e9gica com o secret\u00e1rio interino de Infraestrutura da Bahia, Saulo Pontes, refor\u00e7ando o compromisso de ambos com a acelera\u00e7\u00e3o de obras essenciais para o desenvolvimento de Ilh\u00e9us e de toda a regi\u00e3o Sul. *Obras Priorit\u00e1rias em Foco* Durante a [&hellip;]<\/p>\n","protected":false},"author":3,"featured_media":21822,"comment_status":"closed","ping_status":"closed","sticky":false,"template":"","format":"standard","meta":{"_links_to":"","_links_to_target":""},"categories":[2,10,35],"tags":[],"views":90,"_links":{"self":[{"href":"https:\/\/www.bahiananoticias.com.br\/v1\/wp-json\/wp\/v2\/posts\/21821"}],"collection":[{"href":"https:\/\/www.bahiananoticias.com.br\/v1\/wp-json\/wp\/v2\/posts"}],"about":[{"href":"https:\/\/www.bahiananoticias.com.br\/v1\/wp-json\/wp\/v2\/types\/post"}],"author":[{"embeddable":true,"href":"https:\/\/www.bahiananoticias.com.br\/v1\/wp-json\/wp\/v2\/users\/3"}],"replies":[{"embeddable":true,"href":"https:\/\/www.bahiananoticias.com.br\/v1\/wp-json\/wp\/v2\/comments?post=21821"}],"version-history":[{"count":1,"href":"https:\/\/www.bahiananoticias.com.br\/v1\/wp-json\/wp\/v2\/posts\/21821\/revisions"}],"predecessor-version":[{"id":21823,"href":"https:\/\/www.bahiananoticias.com.br\/v1\/wp-json\/wp\/v2\/posts\/21821\/revisions\/21823"}],"wp:featuredmedia":[{"embeddable":true,"href":"https:\/\/www.bahiananoticias.com.br\/v1\/wp-json\/wp\/v2\/media\/21822"}],"wp:attachment":[{"href":"https:\/\/www.bahiananoticias.com.br\/v1\/wp-json\/wp\/v2\/media?parent=21821"}],"wp:term":[{"taxonomy":"category","embeddable":true,"href":"https:\/\/www.bahiananoticias.com.br\/v1\/wp-json\/wp\/v2\/categories?post=21821"},{"taxonomy":"post_tag","embeddable":true,"href":"https:\/\/www.bahiananoticias.com.br\/v1\/wp-json\/wp\/v2\/tags?post=21821"}],"curies":[{"name":"wp","href":"https:\/\/api.w.org\/{rel}","templated":true}]}}