{"id":21812,"date":"2025-12-04T12:56:29","date_gmt":"2025-12-04T15:56:29","guid":{"rendered":"https:\/\/www.bahiananoticias.com.br\/v1\/?p=21812"},"modified":"2025-12-04T12:59:34","modified_gmt":"2025-12-04T15:59:34","slug":"com-a-flicacau-itabuna-volta-ao-mapa-dos-grandes-eventos-literarios","status":"publish","type":"post","link":"https:\/\/www.bahiananoticias.com.br\/v1\/2025\/12\/04\/com-a-flicacau-itabuna-volta-ao-mapa-dos-grandes-eventos-literarios\/","title":{"rendered":"Com a FLICACAU Itabuna volta ao mapa dos grandes eventos liter\u00e1rios"},"content":{"rendered":"<p><img decoding=\"async\" loading=\"lazy\" class=\"alignnone size-full wp-image-21815\" src=\"http:\/\/www.bahiananoticias.com.br\/v1\/wp-content\/uploads\/2025\/12\/IMG_1337.jpg\" alt=\"\" width=\"600\" height=\"339\" srcset=\"https:\/\/www.bahiananoticias.com.br\/v1\/wp-content\/uploads\/2025\/12\/IMG_1337.jpg 600w, https:\/\/www.bahiananoticias.com.br\/v1\/wp-content\/uploads\/2025\/12\/IMG_1337-300x170.jpg 300w\" sizes=\"(max-width: 600px) 100vw, 600px\" \/><\/p>\n<p>Fazia quase uma d\u00e9cada que Itabuna n\u00e3o recebia um grande evento dedicado \u00e0 literatura. A longa espera terminou com a primeira edi\u00e7\u00e3o da Festa Liter\u00e1ria da Regi\u00e3o Cacaueira (Flicacau), que ocupou o Centro de Cultura Adonias Filho de sexta (27) a domingo (29).\u00a0Para a jornalista Vanessa Dantas, uma das organizadoras e mediadoras do evento, o balan\u00e7o da estreia superou as expectativas, com a presen\u00e7a de mais de 5 mil pessoas ao longo dos tr\u00eas dias.<\/p>\n<p>Tamb\u00e9m ressaltou o impacto positivo do programa estadual Bahia Liter\u00e1ria para o fortalecimento da literatura na Regi\u00e3o Cacaueira. \u201cQueremos agradecer ao Governo do Estado, atrav\u00e9s do governador Jer\u00f4nimo Rodrigues; da nossa secret\u00e1ria de Educa\u00e7\u00e3o, Rowenna Brito; e do nosso secret\u00e1rio de Cultura, Bruno Monteiro\u201d, acrescentou.<\/p>\n<p>Com o tema\u00a0<em>Verde que te quero livro: contando a hist\u00f3ria da mata que nos sustenta,<\/em>\u00a0a Flicacau uniu literatura, teatro, dan\u00e7a, artes pl\u00e1sticas, m\u00fasica e a\u00e7\u00f5es de conscientiza\u00e7\u00e3o ambiental. Acolheu pequenos e jovens autores, al\u00e9m de expoentes da literatura grapi\u00fana e convidados com reconhecimento nacional, a exemplo de Arnaldo Antunes, Paloma Amado, Bela Gil, Isabel Fillardis e Luciany Aparecida, al\u00e9m da escritora chilena Arelis Uribe.<\/p>\n<p><strong>DIVERSIDADE<\/strong><\/p>\n<p>Um time formado por cinco mulheres deu o tom da curadoria art\u00edstica (Bruna Setenta) e dos espa\u00e7os Jorge Amado (Rita Argollo e Dinalva Melo), Esta\u00e7\u00e3o Juventudes (Camila Gusm\u00e3o) e Flicacauzinha (B\u00e1rbara Falc\u00f3n).<\/p>\n<p>Na Casa dos Autores, 30 escritores(as) selecionados(as) via edital apresentaram suas obras em um lan\u00e7amento coletivo. Os tr\u00eas palcos da Festa receberam atra\u00e7\u00f5es musicais. Destaque para o show do cantor e compositor Marcelo Ganem, o cancioneiro da mata e da Serra do Jequitib\u00e1, cuja obra dialoga diretamente com o tema da Flicacau. Ainda teve a apresenta\u00e7\u00e3o emocionante do Mestre Sabar\u00e1, aos 91 anos, na sexta (27).<\/p>\n<p>A programa\u00e7\u00e3o variada contemplou as inf\u00e2ncias e as juventudes. A crian\u00e7ada se emocionou no bate-papo com as cantoras Kysha e Mine, que levaram centenas de f\u00e3s \u00e0 Flicauzinha. A dupla acumula mais de 1 bilh\u00e3o de reprodu\u00e7\u00f5es de suas m\u00fasicas somente no YouTube.<\/p>\n<p>O evento tamb\u00e9m foi marcado pelo lan\u00e7amento do livro\u00a0<em>Pequenos Autores Grapi\u00fanas<\/em>, colet\u00e2nea de textos de alunos da rede municipal de ensino de Itabuna. O projeto foi idealizado pela professora L\u00edlian Lima e abra\u00e7ado pelo secret\u00e1rio municipal de Educa\u00e7\u00e3o, Rosivaldo Pinheiro, que assegurou as condi\u00e7\u00f5es para a educadora execut\u00e1-lo.<\/p>\n<p>O Espa\u00e7o Esta\u00e7\u00e3o Juventudes teve um de seus pontos altos com a participa\u00e7\u00e3o do escritor e roteirista Raphael Montes, autor dos livros que deram origem \u00e0s s\u00e9ries hom\u00f4nimas\u00a0<em>Bom dia, Ver\u00f4nica<\/em>\u00a0(Netflix) e\u00a0<em>Dias Felizes<\/em>\u00a0(Globoplay), al\u00e9m do sucesso\u00a0<em>Beleza Fatal<\/em>, novela da HBO.<\/p>\n<p>Como a cidade n\u00e3o tinha uma feira liter\u00e1ria desse porte h\u00e1 anos, o evento abriu as portas da literatura para uma gera\u00e7\u00e3o inteira de itabunenses. Ao longo dos tr\u00eas dias, estudantes de mais de 20 escolas municipais e estaduais compareceram ao Centro de Cultura Adonias Filho.<\/p>\n<p><strong>QUEM FEZ<\/strong><\/p>\n<p>A Festa Liter\u00e1ria da Regi\u00e3o Cacaueira tamb\u00e9m foi um espa\u00e7o de colabora\u00e7\u00e3o com os coletivos e editoras independentes que fazem a literatura produzida na Bahia circular Brasil afora: Editora Tert\u00falias, Editora Teatro Popular de Ilh\u00e9us, Editora Via Litterarum, Vixe Bahia Liter\u00e1ria e Editora Mondrongo.<\/p>\n<p>Al\u00e9m disso, a Festa estabeleceu parceria com a Associa\u00e7\u00e3o de Agentes Ambientais e Catadores de Materiais Reutiliz\u00e1veis e Recicl\u00e1veis de Itabuna (Aacrri), respons\u00e1vel pela coleta seletiva durante o evento.<\/p>\n<p>A Flicacau teve patroc\u00ednio do Governo do Estado e foi contemplada tamb\u00e9m pelo Projeto Bahia Liter\u00e1ria, iniciativa da Funda\u00e7\u00e3o Pedro Calmon (FPC) \u2013 unidade vinculada \u00e0 Secretaria de Cultura (Secult-BA) \u2013 e da Secretaria Estadual de Educa\u00e7\u00e3o (SEC). Contou com o apoio da Prefeitura de Itabuna, por meio da Secretaria Municipal da Educa\u00e7\u00e3o (Seduc) e da Funda\u00e7\u00e3o Itabunense de Cultura e Cidadania (Ficc). A Seneh Comunica\u00e7\u00e3o &amp; Projetos idealizou e executou o projeto.<\/p>\n<p><img decoding=\"async\" loading=\"lazy\" class=\"alignnone size-full wp-image-21816\" src=\"http:\/\/www.bahiananoticias.com.br\/v1\/wp-content\/uploads\/2025\/12\/IMG_1336.jpg\" alt=\"\" width=\"428\" height=\"421\" srcset=\"https:\/\/www.bahiananoticias.com.br\/v1\/wp-content\/uploads\/2025\/12\/IMG_1336.jpg 428w, https:\/\/www.bahiananoticias.com.br\/v1\/wp-content\/uploads\/2025\/12\/IMG_1336-300x295.jpg 300w\" sizes=\"(max-width: 428px) 100vw, 428px\" \/><\/p>\n<p>Via: Pimenta Blog<\/p>\n","protected":false},"excerpt":{"rendered":"<p>Fazia quase uma d\u00e9cada que Itabuna n\u00e3o recebia um grande evento dedicado \u00e0 literatura. A longa espera terminou com a primeira edi\u00e7\u00e3o da Festa Liter\u00e1ria da Regi\u00e3o Cacaueira (Flicacau), que ocupou o Centro de Cultura Adonias Filho de sexta (27) a domingo (29).\u00a0Para a jornalista Vanessa Dantas, uma das organizadoras e mediadoras do evento, o [&hellip;]<\/p>\n","protected":false},"author":3,"featured_media":21815,"comment_status":"closed","ping_status":"closed","sticky":false,"template":"","format":"standard","meta":{"_links_to":"","_links_to_target":""},"categories":[11,4,10,35],"tags":[],"views":91,"_links":{"self":[{"href":"https:\/\/www.bahiananoticias.com.br\/v1\/wp-json\/wp\/v2\/posts\/21812"}],"collection":[{"href":"https:\/\/www.bahiananoticias.com.br\/v1\/wp-json\/wp\/v2\/posts"}],"about":[{"href":"https:\/\/www.bahiananoticias.com.br\/v1\/wp-json\/wp\/v2\/types\/post"}],"author":[{"embeddable":true,"href":"https:\/\/www.bahiananoticias.com.br\/v1\/wp-json\/wp\/v2\/users\/3"}],"replies":[{"embeddable":true,"href":"https:\/\/www.bahiananoticias.com.br\/v1\/wp-json\/wp\/v2\/comments?post=21812"}],"version-history":[{"count":2,"href":"https:\/\/www.bahiananoticias.com.br\/v1\/wp-json\/wp\/v2\/posts\/21812\/revisions"}],"predecessor-version":[{"id":21817,"href":"https:\/\/www.bahiananoticias.com.br\/v1\/wp-json\/wp\/v2\/posts\/21812\/revisions\/21817"}],"wp:featuredmedia":[{"embeddable":true,"href":"https:\/\/www.bahiananoticias.com.br\/v1\/wp-json\/wp\/v2\/media\/21815"}],"wp:attachment":[{"href":"https:\/\/www.bahiananoticias.com.br\/v1\/wp-json\/wp\/v2\/media?parent=21812"}],"wp:term":[{"taxonomy":"category","embeddable":true,"href":"https:\/\/www.bahiananoticias.com.br\/v1\/wp-json\/wp\/v2\/categories?post=21812"},{"taxonomy":"post_tag","embeddable":true,"href":"https:\/\/www.bahiananoticias.com.br\/v1\/wp-json\/wp\/v2\/tags?post=21812"}],"curies":[{"name":"wp","href":"https:\/\/api.w.org\/{rel}","templated":true}]}}