{"id":2137,"date":"2020-12-08T09:35:46","date_gmt":"2020-12-08T12:35:46","guid":{"rendered":"https:\/\/www.bahiananoticias.com.br\/v1\/?p=2137"},"modified":"2020-12-08T09:35:46","modified_gmt":"2020-12-08T12:35:46","slug":"governador-rui-costa-confirma-segunda-onda-da-covid-19-na-bahia-estado-ja-passa-dos-420-mil-casos","status":"publish","type":"post","link":"https:\/\/www.bahiananoticias.com.br\/v1\/2020\/12\/08\/governador-rui-costa-confirma-segunda-onda-da-covid-19-na-bahia-estado-ja-passa-dos-420-mil-casos\/","title":{"rendered":"GOVERNADOR RUI COSTA CONFIRMA SEGUNDA ONDA DA COVID-19 NA BAHIA; ESTADO J\u00c1 PASSA DOS 420 MIL CASOS"},"content":{"rendered":"<p><img decoding=\"async\" loading=\"lazy\" class=\"aligncenter size-full wp-image-2138\" src=\"https:\/\/www.bahiananoticias.com.br\/v1\/wp-content\/uploads\/2020\/12\/RUI-COSTA.jpg\" alt=\"\" width=\"570\" height=\"268\" srcset=\"https:\/\/www.bahiananoticias.com.br\/v1\/wp-content\/uploads\/2020\/12\/RUI-COSTA.jpg 570w, https:\/\/www.bahiananoticias.com.br\/v1\/wp-content\/uploads\/2020\/12\/RUI-COSTA-300x141.jpg 300w\" sizes=\"(max-width: 570px) 100vw, 570px\" \/><\/p>\n<p>Nesta segunda-feira (7), o governador Rui Costa comentou o aumento do n\u00famero de \u00f3bitos e classificou que a Bahia est\u00e1 vivendo uma segunda onda da Covid-19, uma vez que a taxa de cont\u00e1gio tem se mantido alta em todo o territ\u00f3rio estadual. Reabertura de leitos e proibi\u00e7\u00e3o de shows est\u00e3o entre as medidas tomadas pelo governo baiano, visando evitar uma eleva\u00e7\u00e3o ainda mais expressiva dos casos da doen\u00e7a.<\/p>\n<p>\u201cAo longo da semana passada inteira, a taxa de contamina\u00e7\u00e3o se manteve alta em todas as regi\u00f5es do estado, tanto \u00e9 que isso j\u00e1 est\u00e1 se refletindo no aumento do n\u00famero de \u00f3bitos. Tamb\u00e9m na semana passada, est\u00e1vamos com cerca de 20 \u00f3bitos di\u00e1rios, \u00edndice que vinha se mantendo h\u00e1 cerca de 60 dias e, nesse final de semana, j\u00e1 pulamos para o patamar de 30 \u00f3bitos, sendo 22 em Salvador. Ent\u00e3o, os n\u00fameros come\u00e7am a ficar, infelizmente, mais severos e mais cr\u00edticos. Por isso, j\u00e1 ampliamos, inclusive, o n\u00famero de leitos dispon\u00edveis, uma vez que estamos reabrindo 100 leitos que hav\u00edamos fechado, em fun\u00e7\u00e3o na queda dos \u00edndices da pandemia\u201d, destacou o governador.<\/p>\n<p>Por decreto, o governador fez quest\u00e3o de ressaltar, existe a proibi\u00e7\u00e3o de realiza\u00e7\u00e3o de qualquer show ou festa, independente de qual motiva\u00e7\u00e3o ou p\u00fablico. \u201cO motivo disso \u00e9 que nesses shows e festas h\u00e1 ingest\u00e3o de \u00e1lcool, al\u00e9m de m\u00fasica em um ambiente prop\u00edcio \u00e0 aproxima\u00e7\u00e3o, fazendo com que as pessoas acabem baixando a guarda com as medidas protetivas e n\u00f3s estamos j\u00e1 vivendo o que poder\u00edamos classificar de segunda onda\u201d, avaliou Rui.<\/p>\n<div><strong>MAIS DE 424 MIL CASOS E 8,4 MIL \u00d3BITOS<\/strong><\/div>\n<p><!--more--><\/p>\n<p>Nas \u00faltimas 24 horas, o estado registrou 1.580 casos de Covid-19 (taxa de crescimento de +0,4%) e 2.181 recuperados (+0,5%). Dos 424.704 casos confirmados desde o in\u00edcio da pandemia, 405.151 j\u00e1 s\u00e3o considerados recuperados e 11.108 est\u00e3o em isolamento ou internados, os chamados casos ativos.<\/p>\n<p>Desde o in\u00edcio da pandemia, foram registrados \u00a08.445 \u00f3bitos na Bahia, 27 dos quais somente nas \u00faltimas 24 horas, embora ocorridos em per\u00edodos diversos \u2013 de 21 de junho a 06 de dezembro.<\/p>\n<p>Os casos confirmados da doen\u00e7a ocorreram nos 417 munic\u00edpios baianos, com maior propor\u00e7\u00e3o em Salvador (24,00%). Os munic\u00edpios com os maiores coeficientes de incid\u00eancia por 100.000 habitantes, at\u00e9 aqui, s\u00e3o Ibirataia (9.632,97), Aiquara (7.040,04), Itabuna (7.034,89), Madre de Deus (6.893,28) e Almadina (6.881,41).<\/p>\n","protected":false},"excerpt":{"rendered":"<p>Nesta segunda-feira (7), o governador Rui Costa comentou o aumento do n\u00famero de \u00f3bitos e classificou que a Bahia est\u00e1 vivendo uma segunda onda da Covid-19, uma vez que a taxa de cont\u00e1gio tem se mantido alta em todo o territ\u00f3rio estadual. Reabertura de leitos e proibi\u00e7\u00e3o de shows est\u00e3o entre as medidas tomadas pelo [&hellip;]<\/p>\n","protected":false},"author":2,"featured_media":2138,"comment_status":"closed","ping_status":"closed","sticky":false,"template":"","format":"standard","meta":{"_links_to":"","_links_to_target":""},"categories":[11],"tags":[],"views":434,"_links":{"self":[{"href":"https:\/\/www.bahiananoticias.com.br\/v1\/wp-json\/wp\/v2\/posts\/2137"}],"collection":[{"href":"https:\/\/www.bahiananoticias.com.br\/v1\/wp-json\/wp\/v2\/posts"}],"about":[{"href":"https:\/\/www.bahiananoticias.com.br\/v1\/wp-json\/wp\/v2\/types\/post"}],"author":[{"embeddable":true,"href":"https:\/\/www.bahiananoticias.com.br\/v1\/wp-json\/wp\/v2\/users\/2"}],"replies":[{"embeddable":true,"href":"https:\/\/www.bahiananoticias.com.br\/v1\/wp-json\/wp\/v2\/comments?post=2137"}],"version-history":[{"count":1,"href":"https:\/\/www.bahiananoticias.com.br\/v1\/wp-json\/wp\/v2\/posts\/2137\/revisions"}],"predecessor-version":[{"id":2139,"href":"https:\/\/www.bahiananoticias.com.br\/v1\/wp-json\/wp\/v2\/posts\/2137\/revisions\/2139"}],"wp:featuredmedia":[{"embeddable":true,"href":"https:\/\/www.bahiananoticias.com.br\/v1\/wp-json\/wp\/v2\/media\/2138"}],"wp:attachment":[{"href":"https:\/\/www.bahiananoticias.com.br\/v1\/wp-json\/wp\/v2\/media?parent=2137"}],"wp:term":[{"taxonomy":"category","embeddable":true,"href":"https:\/\/www.bahiananoticias.com.br\/v1\/wp-json\/wp\/v2\/categories?post=2137"},{"taxonomy":"post_tag","embeddable":true,"href":"https:\/\/www.bahiananoticias.com.br\/v1\/wp-json\/wp\/v2\/tags?post=2137"}],"curies":[{"name":"wp","href":"https:\/\/api.w.org\/{rel}","templated":true}]}}