{"id":20483,"date":"2025-10-22T08:21:35","date_gmt":"2025-10-22T11:21:35","guid":{"rendered":"https:\/\/www.bahiananoticias.com.br\/v1\/?p=20483"},"modified":"2025-10-22T08:21:35","modified_gmt":"2025-10-22T11:21:35","slug":"a-visao-de-marao-ilheus-colhe-frutos-de-uma-ideia-plantada-no-passado","status":"publish","type":"post","link":"https:\/\/www.bahiananoticias.com.br\/v1\/2025\/10\/22\/a-visao-de-marao-ilheus-colhe-frutos-de-uma-ideia-plantada-no-passado\/","title":{"rendered":"A Vis\u00e3o de Mar\u00e3o: Ilh\u00e9us Colhe Frutos de uma Ideia Plantada no Passado"},"content":{"rendered":"<p><img decoding=\"async\" loading=\"lazy\" class=\"alignnone size-full wp-image-20484\" src=\"http:\/\/www.bahiananoticias.com.br\/v1\/wp-content\/uploads\/2025\/10\/399939dd-8818-4a92-b9e6-b6b04e648865.jpeg\" alt=\"\" width=\"593\" height=\"500\" srcset=\"https:\/\/www.bahiananoticias.com.br\/v1\/wp-content\/uploads\/2025\/10\/399939dd-8818-4a92-b9e6-b6b04e648865.jpeg 593w, https:\/\/www.bahiananoticias.com.br\/v1\/wp-content\/uploads\/2025\/10\/399939dd-8818-4a92-b9e6-b6b04e648865-300x253.jpeg 300w\" sizes=\"(max-width: 593px) 100vw, 593px\" \/><\/p>\n<p>A demoli\u00e7\u00e3o dos antigos galp\u00f5es da Codeba na Avenida 2 de Julho, para dar lugar a uma \u00e1rea de lazer, \u00e9 a concretiza\u00e7\u00e3o de um projeto iniciado anos atr\u00e1s, fruto de um conv\u00eanio fundamental assinado na gest\u00e3o de M\u00e1rio Alexandre.<\/p>\n<p>H\u00e1 gest\u00f5es anteriores, o cora\u00e7\u00e3o de Ilh\u00e9us, especialmente na orla da Avenida 2 de Julho, era marcado por antigos galp\u00f5es da Companhia das Docas do Estado da Bahia (Codeba), estruturas degradadas e subutilizadas. O ent\u00e3o prefeito M\u00e1rio Alexandre (Mar\u00e3o) identificou ali um potencial transformador: recuperar a \u00e1rea e devolv\u00ea-la \u00e0 popula\u00e7\u00e3o com um novo espa\u00e7o de lazer e conviv\u00eancia.<\/p>\n<p>*O Conv\u00eanio que deu o Pontap\u00e9 Inicial*<\/p>\n<p>Foi durante a administra\u00e7\u00e3o de M\u00e1rio Alexandre (Mar\u00e3o) que se firmaram tratativas com a Codeba, culminando na assinatura de um contrato de cess\u00e3o de uso da \u00e1rea do antigo Porto de Ilh\u00e9us. Este ato estrat\u00e9gico foi o passo legal e operacional decisivo, permitindo ao munic\u00edpio intervir na regi\u00e3o. A ideia central era a demoli\u00e7\u00e3o dos galp\u00f5es e a cria\u00e7\u00e3o de uma \u00e1rea de lazer integrada \u00e0 paisagem urbana.<\/p>\n<p>Embora projetos de grande porte, como obras urban\u00edsticas e conv\u00eanios federais ou estaduais, exijam longo tr\u00e2mite (planejamento, aprova\u00e7\u00e3o, recursos), o &#8220;pontap\u00e9 inicial&#8221; foi dado por Mar\u00e3o.<\/p>\n<p>*Demoli\u00e7\u00e3o: Concretiza\u00e7\u00e3o de um Legado*<\/p>\n<p>A recente demoli\u00e7\u00e3o dos galp\u00f5es, que ganhou destaque na cidade, \u00e9 a materializa\u00e7\u00e3o direta desse projeto concebido e estruturado no passado. O ato simboliza a remo\u00e7\u00e3o do abandono para dar lugar ao futuro.<\/p>\n<p>\u00c9 comum que obras de grande porte sejam conclu\u00eddas sob gest\u00f5es diferentes de sua concep\u00e7\u00e3o. Nesse caso, a derrubada dos galp\u00f5es e a futura revitaliza\u00e7\u00e3o s\u00e3o, na verdade, a continuidade da a\u00e7\u00e3o estrat\u00e9gica e do compromisso firmado por M\u00e1rio Alexandre. O que Ilh\u00e9us vivencia hoje \u00e9 o desdobramento de uma decis\u00e3o pensada e estruturada com vis\u00e3o de futuro.<\/p>\n<p>O legado de Mar\u00e3o, marcado por olhar espa\u00e7os abandonados, enxergar potencial e criar pontes institucionais para viabilizar interven\u00e7\u00f5es estruturantes, se mostra vivo. O esfor\u00e7o de uma gest\u00e3o n\u00e3o se encerra com o mandato; se as sementes do planejamento e os conv\u00eanios foram bem lan\u00e7ados, os frutos s\u00e3o colhidos no presente, garantindo um novo horizonte urbano para Ilh\u00e9us.<\/p>\n","protected":false},"excerpt":{"rendered":"<p>A demoli\u00e7\u00e3o dos antigos galp\u00f5es da Codeba na Avenida 2 de Julho, para dar lugar a uma \u00e1rea de lazer, \u00e9 a concretiza\u00e7\u00e3o de um projeto iniciado anos atr\u00e1s, fruto de um conv\u00eanio fundamental assinado na gest\u00e3o de M\u00e1rio Alexandre. H\u00e1 gest\u00f5es anteriores, o cora\u00e7\u00e3o de Ilh\u00e9us, especialmente na orla da Avenida 2 de Julho, [&hellip;]<\/p>\n","protected":false},"author":3,"featured_media":20484,"comment_status":"closed","ping_status":"closed","sticky":false,"template":"","format":"standard","meta":{"_links_to":"","_links_to_target":""},"categories":[11,4,1,10,35],"tags":[],"views":137,"_links":{"self":[{"href":"https:\/\/www.bahiananoticias.com.br\/v1\/wp-json\/wp\/v2\/posts\/20483"}],"collection":[{"href":"https:\/\/www.bahiananoticias.com.br\/v1\/wp-json\/wp\/v2\/posts"}],"about":[{"href":"https:\/\/www.bahiananoticias.com.br\/v1\/wp-json\/wp\/v2\/types\/post"}],"author":[{"embeddable":true,"href":"https:\/\/www.bahiananoticias.com.br\/v1\/wp-json\/wp\/v2\/users\/3"}],"replies":[{"embeddable":true,"href":"https:\/\/www.bahiananoticias.com.br\/v1\/wp-json\/wp\/v2\/comments?post=20483"}],"version-history":[{"count":1,"href":"https:\/\/www.bahiananoticias.com.br\/v1\/wp-json\/wp\/v2\/posts\/20483\/revisions"}],"predecessor-version":[{"id":20485,"href":"https:\/\/www.bahiananoticias.com.br\/v1\/wp-json\/wp\/v2\/posts\/20483\/revisions\/20485"}],"wp:featuredmedia":[{"embeddable":true,"href":"https:\/\/www.bahiananoticias.com.br\/v1\/wp-json\/wp\/v2\/media\/20484"}],"wp:attachment":[{"href":"https:\/\/www.bahiananoticias.com.br\/v1\/wp-json\/wp\/v2\/media?parent=20483"}],"wp:term":[{"taxonomy":"category","embeddable":true,"href":"https:\/\/www.bahiananoticias.com.br\/v1\/wp-json\/wp\/v2\/categories?post=20483"},{"taxonomy":"post_tag","embeddable":true,"href":"https:\/\/www.bahiananoticias.com.br\/v1\/wp-json\/wp\/v2\/tags?post=20483"}],"curies":[{"name":"wp","href":"https:\/\/api.w.org\/{rel}","templated":true}]}}