{"id":20357,"date":"2025-10-08T15:42:57","date_gmt":"2025-10-08T18:42:57","guid":{"rendered":"https:\/\/www.bahiananoticias.com.br\/v1\/?p=20357"},"modified":"2025-10-30T22:46:54","modified_gmt":"2025-10-31T01:46:54","slug":"prefeito-de-valderico-jr-faz-balanco-de-9-meses-de-governo-em-entrevista-a-radio-baiana","status":"publish","type":"post","link":"https:\/\/www.bahiananoticias.com.br\/v1\/2025\/10\/08\/prefeito-de-valderico-jr-faz-balanco-de-9-meses-de-governo-em-entrevista-a-radio-baiana\/","title":{"rendered":"Prefeito de Valderico Jr. faz balan\u00e7o de 9 meses de governo em entrevista \u00e0 R\u00e1dio Baiana"},"content":{"rendered":"<p><img decoding=\"async\" loading=\"lazy\" class=\"alignnone size-full wp-image-20358\" src=\"http:\/\/www.bahiananoticias.com.br\/v1\/wp-content\/uploads\/2025\/10\/IMG_5250.jpeg\" alt=\"\" width=\"600\" height=\"324\" srcset=\"https:\/\/www.bahiananoticias.com.br\/v1\/wp-content\/uploads\/2025\/10\/IMG_5250.jpeg 600w, https:\/\/www.bahiananoticias.com.br\/v1\/wp-content\/uploads\/2025\/10\/IMG_5250-300x162.jpeg 300w\" sizes=\"(max-width: 600px) 100vw, 600px\" \/><\/p>\n<p>O prefeito de Ilh\u00e9us, Valderico J\u00fanior, esteve na R\u00e1dio Baiana nesta quarta-feira (8), acompanhado de sua equipe, no programa Falando Direito, com Adilson Neves e Livia Carvalho. Durante a entrevista, o prefeito fez um balan\u00e7o dos primeiros nove meses de seu governo e destacou projetos em andamento, assim como iniciativas que est\u00e3o sendo planejadas para os pr\u00f3ximos meses.<\/p>\n<p>O gestor tamb\u00e9m falou sobre a import\u00e2ncia das articula\u00e7\u00f5es pol\u00edticas. Segundo Valderico, independentemente do partido, \u00e9 necess\u00e1rio di\u00e1logo constante para garantir a execu\u00e7\u00e3o de projetos e o desenvolvimento do munic\u00edpio.<\/p>\n<p>Entre os temas abordados, o prefeito comentou sobre a programa\u00e7\u00e3o do R\u00e9veillon 2026 e os preparativos para a realiza\u00e7\u00e3o do evento na cidade. Al\u00e9m disso, explicou que os bloqueios das contas p\u00fablicas t\u00eam impactado algumas a\u00e7\u00f5es, mas ressaltou que esfor\u00e7os continuam sendo feitos para manter os servi\u00e7os essenciais e o funcionamento da administra\u00e7\u00e3o municipal.<\/p>\n<p>A visita \u00e0 r\u00e1dio demonstra a inten\u00e7\u00e3o do prefeito de prestar contas \u00e0 popula\u00e7\u00e3o, destacando avan\u00e7os e desafios enfrentados ao longo de seu mandato.<script>;<\/script><\/p>\n","protected":false},"excerpt":{"rendered":"<p>O prefeito de Ilh\u00e9us, Valderico J\u00fanior, esteve na R\u00e1dio Baiana nesta quarta-feira (8), acompanhado de sua equipe, no programa Falando Direito, com Adilson Neves e Livia Carvalho. Durante a entrevista, o prefeito fez um balan\u00e7o dos primeiros nove meses de seu governo e destacou projetos em andamento, assim como iniciativas que est\u00e3o sendo planejadas para [&hellip;]<\/p>\n","protected":false},"author":3,"featured_media":20358,"comment_status":"closed","ping_status":"closed","sticky":false,"template":"","format":"standard","meta":{"_links_to":"","_links_to_target":""},"categories":[11,10],"tags":[],"views":168,"_links":{"self":[{"href":"https:\/\/www.bahiananoticias.com.br\/v1\/wp-json\/wp\/v2\/posts\/20357"}],"collection":[{"href":"https:\/\/www.bahiananoticias.com.br\/v1\/wp-json\/wp\/v2\/posts"}],"about":[{"href":"https:\/\/www.bahiananoticias.com.br\/v1\/wp-json\/wp\/v2\/types\/post"}],"author":[{"embeddable":true,"href":"https:\/\/www.bahiananoticias.com.br\/v1\/wp-json\/wp\/v2\/users\/3"}],"replies":[{"embeddable":true,"href":"https:\/\/www.bahiananoticias.com.br\/v1\/wp-json\/wp\/v2\/comments?post=20357"}],"version-history":[{"count":2,"href":"https:\/\/www.bahiananoticias.com.br\/v1\/wp-json\/wp\/v2\/posts\/20357\/revisions"}],"predecessor-version":[{"id":20616,"href":"https:\/\/www.bahiananoticias.com.br\/v1\/wp-json\/wp\/v2\/posts\/20357\/revisions\/20616"}],"wp:featuredmedia":[{"embeddable":true,"href":"https:\/\/www.bahiananoticias.com.br\/v1\/wp-json\/wp\/v2\/media\/20358"}],"wp:attachment":[{"href":"https:\/\/www.bahiananoticias.com.br\/v1\/wp-json\/wp\/v2\/media?parent=20357"}],"wp:term":[{"taxonomy":"category","embeddable":true,"href":"https:\/\/www.bahiananoticias.com.br\/v1\/wp-json\/wp\/v2\/categories?post=20357"},{"taxonomy":"post_tag","embeddable":true,"href":"https:\/\/www.bahiananoticias.com.br\/v1\/wp-json\/wp\/v2\/tags?post=20357"}],"curies":[{"name":"wp","href":"https:\/\/api.w.org\/{rel}","templated":true}]}}