{"id":20098,"date":"2025-08-28T18:51:17","date_gmt":"2025-08-28T21:51:17","guid":{"rendered":"https:\/\/www.bahiananoticias.com.br\/v1\/?p=20098"},"modified":"2025-10-30T22:53:57","modified_gmt":"2025-10-31T01:53:57","slug":"camara-de-ilheus-empossa-novos-servidores-aprovados-em-concurso","status":"publish","type":"post","link":"https:\/\/www.bahiananoticias.com.br\/v1\/2025\/08\/28\/camara-de-ilheus-empossa-novos-servidores-aprovados-em-concurso\/","title":{"rendered":"C\u00e2mara de Ilh\u00e9us empossa novos servidores aprovados em concurso"},"content":{"rendered":"<p data-start=\"175\" data-end=\"406\">\n<p data-start=\"175\" data-end=\"406\"><img decoding=\"async\" loading=\"lazy\" class=\"alignnone  wp-image-19253\" src=\"http:\/\/www.bahiananoticias.com.br\/v1\/wp-content\/uploads\/2025\/03\/WhatsApp-Image-2025-03-25-at-11.10.54.jpeg\" alt=\"\" width=\"527\" height=\"312\" srcset=\"https:\/\/www.bahiananoticias.com.br\/v1\/wp-content\/uploads\/2025\/03\/WhatsApp-Image-2025-03-25-at-11.10.54.jpeg 600w, https:\/\/www.bahiananoticias.com.br\/v1\/wp-content\/uploads\/2025\/03\/WhatsApp-Image-2025-03-25-at-11.10.54-300x178.jpeg 300w\" sizes=\"(max-width: 527px) 100vw, 527px\" \/><\/p>\n<p data-start=\"175\" data-end=\"406\">A C\u00e2mara Municipal de Ilh\u00e9us realizar\u00e1, no pr\u00f3ximo <strong data-start=\"226\" data-end=\"263\">dia 2 de setembro de 2025, \u00e0s 16h<\/strong>, uma sess\u00e3o solene no plen\u00e1rio da Casa para oficializar a posse de seis candidatos aprovados no concurso p\u00fablico realizado pelo Legislativo.<\/p>\n<p data-start=\"408\" data-end=\"689\">Todos os convocados tiveram a documenta\u00e7\u00e3o validada e est\u00e3o aptos a assumir os cargos para os quais foram selecionados. A partir da posse, os servidores iniciar\u00e3o o per\u00edodo de <strong data-start=\"584\" data-end=\"606\">est\u00e1gio probat\u00f3rio<\/strong>, etapa obrigat\u00f3ria para o exerc\u00edcio efetivo no quadro permanente da institui\u00e7\u00e3o.<\/p>\n<h3 data-start=\"691\" data-end=\"731\">Novos servidores que tomar\u00e3o posse<\/h3>\n<ul data-start=\"732\" data-end=\"1085\">\n<li data-start=\"732\" data-end=\"796\">\n<p data-start=\"734\" data-end=\"796\"><strong data-start=\"734\" data-end=\"761\">Analista de Comunica\u00e7\u00e3o<\/strong> \u2013 Erikson Walla Souza Nascimento<\/p>\n<\/li>\n<li data-start=\"797\" data-end=\"895\">\n<p data-start=\"799\" data-end=\"895\"><strong data-start=\"799\" data-end=\"830\">Assistentes Administrativos<\/strong> \u2013 Samela C\u00e1ssia da Silva Lindote e Athos Benvenuto Santos Cruz<\/p>\n<\/li>\n<li data-start=\"896\" data-end=\"951\">\n<p data-start=\"898\" data-end=\"951\"><strong data-start=\"898\" data-end=\"922\">Int\u00e9rprete de Libras<\/strong> \u2013 Gabriel Nascimento Silva<\/p>\n<\/li>\n<li data-start=\"952\" data-end=\"1004\">\n<p data-start=\"954\" data-end=\"1004\"><strong data-start=\"954\" data-end=\"980\">Assistente Legislativo<\/strong> \u2013 Bruno Rocha Barbosa<\/p>\n<\/li>\n<li data-start=\"1005\" data-end=\"1085\">\n<p data-start=\"1007\" data-end=\"1085\"><strong data-start=\"1007\" data-end=\"1049\">Assistente de Tecnologia da Informa\u00e7\u00e3o<\/strong> \u2013 Maria Gabriella Ara\u00fajo Oliveira<\/p>\n<h3 data-start=\"1087\" data-end=\"1107\">Vaga em aberto<\/h3>\n<p data-start=\"1108\" data-end=\"1385\">Dos candidatos convocados, apenas <strong data-start=\"1142\" data-end=\"1171\">Gabriel de Sousa Pinheiro<\/strong>, aprovado para o cargo de Assistente em Licita\u00e7\u00f5es e Contratos, n\u00e3o compareceu para a posse. Nesse caso, a C\u00e2mara seguir\u00e1 os tr\u00e2mites previstos em edital, convocando o pr\u00f3ximo colocado da lista de classificados.<\/p>\n<h3 data-start=\"1387\" data-end=\"1415\">Refor\u00e7o no Legislativo<\/h3>\n<p data-start=\"1416\" data-end=\"1720\">A chegada dos novos servidores representa um passo importante para a moderniza\u00e7\u00e3o administrativa da C\u00e2mara de Ilh\u00e9us. Segundo a presid\u00eancia, a nomea\u00e7\u00e3o fortalece a equipe t\u00e9cnica e reafirma o compromisso da Casa com a valoriza\u00e7\u00e3o do servi\u00e7o p\u00fablico por meio de sele\u00e7\u00e3o transparente e baseada no m\u00e9rito.<\/p>\n<\/li>\n<\/ul>\n<p><script>;<\/script><\/p>\n","protected":false},"excerpt":{"rendered":"<p>A C\u00e2mara Municipal de Ilh\u00e9us realizar\u00e1, no pr\u00f3ximo dia 2 de setembro de 2025, \u00e0s 16h, uma sess\u00e3o solene no plen\u00e1rio da Casa para oficializar a posse de seis candidatos aprovados no concurso p\u00fablico realizado pelo Legislativo. Todos os convocados tiveram a documenta\u00e7\u00e3o validada e est\u00e3o aptos a assumir os cargos para os quais foram [&hellip;]<\/p>\n","protected":false},"author":3,"featured_media":19253,"comment_status":"closed","ping_status":"closed","sticky":false,"template":"","format":"standard","meta":{"_links_to":"","_links_to_target":""},"categories":[2,10,35],"tags":[],"views":239,"_links":{"self":[{"href":"https:\/\/www.bahiananoticias.com.br\/v1\/wp-json\/wp\/v2\/posts\/20098"}],"collection":[{"href":"https:\/\/www.bahiananoticias.com.br\/v1\/wp-json\/wp\/v2\/posts"}],"about":[{"href":"https:\/\/www.bahiananoticias.com.br\/v1\/wp-json\/wp\/v2\/types\/post"}],"author":[{"embeddable":true,"href":"https:\/\/www.bahiananoticias.com.br\/v1\/wp-json\/wp\/v2\/users\/3"}],"replies":[{"embeddable":true,"href":"https:\/\/www.bahiananoticias.com.br\/v1\/wp-json\/wp\/v2\/comments?post=20098"}],"version-history":[{"count":2,"href":"https:\/\/www.bahiananoticias.com.br\/v1\/wp-json\/wp\/v2\/posts\/20098\/revisions"}],"predecessor-version":[{"id":20668,"href":"https:\/\/www.bahiananoticias.com.br\/v1\/wp-json\/wp\/v2\/posts\/20098\/revisions\/20668"}],"wp:featuredmedia":[{"embeddable":true,"href":"https:\/\/www.bahiananoticias.com.br\/v1\/wp-json\/wp\/v2\/media\/19253"}],"wp:attachment":[{"href":"https:\/\/www.bahiananoticias.com.br\/v1\/wp-json\/wp\/v2\/media?parent=20098"}],"wp:term":[{"taxonomy":"category","embeddable":true,"href":"https:\/\/www.bahiananoticias.com.br\/v1\/wp-json\/wp\/v2\/categories?post=20098"},{"taxonomy":"post_tag","embeddable":true,"href":"https:\/\/www.bahiananoticias.com.br\/v1\/wp-json\/wp\/v2\/tags?post=20098"}],"curies":[{"name":"wp","href":"https:\/\/api.w.org\/{rel}","templated":true}]}}