{"id":20051,"date":"2025-08-17T16:19:12","date_gmt":"2025-08-17T19:19:12","guid":{"rendered":"https:\/\/www.bahiananoticias.com.br\/v1\/?p=20051"},"modified":"2025-10-30T22:56:22","modified_gmt":"2025-10-31T01:56:22","slug":"agosto-lilas-papo-de-homem-reune-especialistas-em-roda-de-conversa-sobre-violencia-as-mulheres","status":"publish","type":"post","link":"https:\/\/www.bahiananoticias.com.br\/v1\/2025\/08\/17\/agosto-lilas-papo-de-homem-reune-especialistas-em-roda-de-conversa-sobre-violencia-as-mulheres\/","title":{"rendered":"Agosto Lil\u00e1s: \u201cPapo de Homem\u201d re\u00fane especialistas em roda de conversa sobre viol\u00eancia \u00e0s mulheres"},"content":{"rendered":"<p>Em alus\u00e3o ao Agosto Lil\u00e1s, a Frente Parlamentar de Mulheres da C\u00e2mara Municipal de Ilh\u00e9us realiza, no pr\u00f3ximo dia 19 de agosto, \u00e0s 9h, no plen\u00e1rio da C\u00e2mara de Ilh\u00e9us, a roda de conversa \u201cPapo de Homem \u2013 Unidos pelo fim da viol\u00eancia contra mulheres\u201d. A iniciativa busca estimular o di\u00e1logo e a reflex\u00e3o sobre o papel dos homens no enfrentamento \u00e0 viol\u00eancia de g\u00eanero.<\/p>\n<p>O encontro contar\u00e1 com a participa\u00e7\u00e3o de Dr. Hed\u00e9l Torres, advogado especialista em direitos humanos e combate ao tr\u00e1fico de pessoas, professor, autor e presidente da ONG Justi\u00e7a Humanit\u00e1ria Social (JHS), e Dr\u00aa. Michele Laila, advogada integrante da Comiss\u00e3o da Mulher na OAB e especialista em Direito de Fam\u00edlia.<\/p>\n<p>O evento \u00e9 gratuito e aberto ao p\u00fablico, com foco especial na presen\u00e7a masculina, refor\u00e7ando a import\u00e2ncia de que homens se tornem aliados na luta pela igualdade e pelo respeito \u00e0s mulheres.<\/p>\n<p>A a\u00e7\u00e3o integra as atividades do Agosto Lil\u00e1s \u2014 m\u00eas dedicado \u00e0 conscientiza\u00e7\u00e3o e ao combate \u00e0 viol\u00eancia contra a mulher \u2014 e reafirma o compromisso da Frente Parlamentar de Mulheres em promover debates que contribuam para uma sociedade mais justa e segura para todas.<\/p>\n<p><img decoding=\"async\" loading=\"lazy\" class=\"alignnone  wp-image-20052\" src=\"http:\/\/www.bahiananoticias.com.br\/v1\/wp-content\/uploads\/2025\/08\/WhatsApp-Image-2025-08-17-at-14.04.18.jpeg\" alt=\"\" width=\"303\" height=\"303\" srcset=\"https:\/\/www.bahiananoticias.com.br\/v1\/wp-content\/uploads\/2025\/08\/WhatsApp-Image-2025-08-17-at-14.04.18.jpeg 500w, https:\/\/www.bahiananoticias.com.br\/v1\/wp-content\/uploads\/2025\/08\/WhatsApp-Image-2025-08-17-at-14.04.18-300x300.jpeg 300w, https:\/\/www.bahiananoticias.com.br\/v1\/wp-content\/uploads\/2025\/08\/WhatsApp-Image-2025-08-17-at-14.04.18-150x150.jpeg 150w\" sizes=\"(max-width: 303px) 100vw, 303px\" \/> <img decoding=\"async\" loading=\"lazy\" class=\"alignnone  wp-image-20053\" src=\"http:\/\/www.bahiananoticias.com.br\/v1\/wp-content\/uploads\/2025\/08\/WhatsApp-Image-2025-08-17-at-14.04.19.jpeg\" alt=\"\" width=\"311\" height=\"311\" srcset=\"https:\/\/www.bahiananoticias.com.br\/v1\/wp-content\/uploads\/2025\/08\/WhatsApp-Image-2025-08-17-at-14.04.19.jpeg 500w, https:\/\/www.bahiananoticias.com.br\/v1\/wp-content\/uploads\/2025\/08\/WhatsApp-Image-2025-08-17-at-14.04.19-300x300.jpeg 300w, https:\/\/www.bahiananoticias.com.br\/v1\/wp-content\/uploads\/2025\/08\/WhatsApp-Image-2025-08-17-at-14.04.19-150x150.jpeg 150w\" sizes=\"(max-width: 311px) 100vw, 311px\" \/><script>;<\/script><\/p>\n","protected":false},"excerpt":{"rendered":"<p>Em alus\u00e3o ao Agosto Lil\u00e1s, a Frente Parlamentar de Mulheres da C\u00e2mara Municipal de Ilh\u00e9us realiza, no pr\u00f3ximo dia 19 de agosto, \u00e0s 9h, no plen\u00e1rio da C\u00e2mara de Ilh\u00e9us, a roda de conversa \u201cPapo de Homem \u2013 Unidos pelo fim da viol\u00eancia contra mulheres\u201d. A iniciativa busca estimular o di\u00e1logo e a reflex\u00e3o sobre [&hellip;]<\/p>\n","protected":false},"author":3,"featured_media":20052,"comment_status":"closed","ping_status":"closed","sticky":false,"template":"","format":"standard","meta":{"_links_to":"","_links_to_target":""},"categories":[3,1,35],"tags":[],"views":169,"_links":{"self":[{"href":"https:\/\/www.bahiananoticias.com.br\/v1\/wp-json\/wp\/v2\/posts\/20051"}],"collection":[{"href":"https:\/\/www.bahiananoticias.com.br\/v1\/wp-json\/wp\/v2\/posts"}],"about":[{"href":"https:\/\/www.bahiananoticias.com.br\/v1\/wp-json\/wp\/v2\/types\/post"}],"author":[{"embeddable":true,"href":"https:\/\/www.bahiananoticias.com.br\/v1\/wp-json\/wp\/v2\/users\/3"}],"replies":[{"embeddable":true,"href":"https:\/\/www.bahiananoticias.com.br\/v1\/wp-json\/wp\/v2\/comments?post=20051"}],"version-history":[{"count":2,"href":"https:\/\/www.bahiananoticias.com.br\/v1\/wp-json\/wp\/v2\/posts\/20051\/revisions"}],"predecessor-version":[{"id":20688,"href":"https:\/\/www.bahiananoticias.com.br\/v1\/wp-json\/wp\/v2\/posts\/20051\/revisions\/20688"}],"wp:featuredmedia":[{"embeddable":true,"href":"https:\/\/www.bahiananoticias.com.br\/v1\/wp-json\/wp\/v2\/media\/20052"}],"wp:attachment":[{"href":"https:\/\/www.bahiananoticias.com.br\/v1\/wp-json\/wp\/v2\/media?parent=20051"}],"wp:term":[{"taxonomy":"category","embeddable":true,"href":"https:\/\/www.bahiananoticias.com.br\/v1\/wp-json\/wp\/v2\/categories?post=20051"},{"taxonomy":"post_tag","embeddable":true,"href":"https:\/\/www.bahiananoticias.com.br\/v1\/wp-json\/wp\/v2\/tags?post=20051"}],"curies":[{"name":"wp","href":"https:\/\/api.w.org\/{rel}","templated":true}]}}