{"id":20038,"date":"2025-08-04T20:27:45","date_gmt":"2025-08-04T23:27:45","guid":{"rendered":"https:\/\/www.bahiananoticias.com.br\/v1\/?p=20038"},"modified":"2025-10-30T22:57:12","modified_gmt":"2025-10-31T01:57:12","slug":"plano-plurianual-sera-debatido-em-audiencias-publicas-nos-dias-5-e-12-de-agosto","status":"publish","type":"post","link":"https:\/\/www.bahiananoticias.com.br\/v1\/2025\/08\/04\/plano-plurianual-sera-debatido-em-audiencias-publicas-nos-dias-5-e-12-de-agosto\/","title":{"rendered":"Plano Plurianual ser\u00e1 debatido em audi\u00eancias p\u00fablicas nos dias 5 e 12 de agosto"},"content":{"rendered":"<p><img decoding=\"async\" loading=\"lazy\" class=\"alignnone  wp-image-20039\" src=\"http:\/\/www.bahiananoticias.com.br\/v1\/wp-content\/uploads\/2025\/08\/IMG-20210216-WA0128-588x331-1.jpg\" alt=\"\" width=\"384\" height=\"216\" srcset=\"https:\/\/www.bahiananoticias.com.br\/v1\/wp-content\/uploads\/2025\/08\/IMG-20210216-WA0128-588x331-1.jpg 588w, https:\/\/www.bahiananoticias.com.br\/v1\/wp-content\/uploads\/2025\/08\/IMG-20210216-WA0128-588x331-1-300x169.jpg 300w\" sizes=\"(max-width: 384px) 100vw, 384px\" \/><\/p>\n<p>A Comiss\u00e3o de Or\u00e7amento e Finan\u00e7as da C\u00e2mara de Ilh\u00e9us vai promover duas audi\u00eancias p\u00fablicas nos dias 05 e 12 de agosto, a partir das 9h, com o objetivo de discutir o Plano Plurianual (PPA) 2026-2029. O PPA \u00e9 uma ferramenta fundamental para o planejamento da gest\u00e3o municipal, pois define metas e a\u00e7\u00f5es estrat\u00e9gicas que nortear\u00e3o os pr\u00f3ximos quatro anos da administra\u00e7\u00e3o.<\/p>\n<p>O presidente da Comiss\u00e3o, vereador Professor Gurita (PSD), destacou que o plano contempla iniciativas importantes para o crescimento do munic\u00edpio, com foco em obras estruturantes que poder\u00e3o transformar a infraestrutura urbana e melhorar o dia a dia da popula\u00e7\u00e3o.<br \/>\n\u201cO PPA ajuda a definir as prioridades da cidade e garante que os recursos p\u00fablicos sejam aplicados de forma eficiente nas \u00e1reas que mais precisam\u201d, afirmou o parlamentar.<\/p>\n<p>As audi\u00eancias acontecer\u00e3o no plen\u00e1rio da C\u00e2mara Municipal de Ilh\u00e9us e est\u00e3o abertas \u00e0 participa\u00e7\u00e3o da sociedade civil. A presen\u00e7a da comunidade \u00e9 essencial para fortalecer o di\u00e1logo democr\u00e1tico e contribuir com sugest\u00f5es que possam enriquecer o planejamento do futuro da cidade.<\/p>\n<p>Datas: 05 e 12 de agosto (ter\u00e7as-feiras)<br \/>\nHor\u00e1rio: 9h<br \/>\nLocal: C\u00e2mara Municipal de Ilh\u00e9us<script>;<\/script><\/p>\n","protected":false},"excerpt":{"rendered":"<p>A Comiss\u00e3o de Or\u00e7amento e Finan\u00e7as da C\u00e2mara de Ilh\u00e9us vai promover duas audi\u00eancias p\u00fablicas nos dias 05 e 12 de agosto, a partir das 9h, com o objetivo de discutir o Plano Plurianual (PPA) 2026-2029. O PPA \u00e9 uma ferramenta fundamental para o planejamento da gest\u00e3o municipal, pois define metas e a\u00e7\u00f5es estrat\u00e9gicas que [&hellip;]<\/p>\n","protected":false},"author":3,"featured_media":20039,"comment_status":"closed","ping_status":"closed","sticky":false,"template":"","format":"standard","meta":{"_links_to":"","_links_to_target":""},"categories":[3,1,35],"tags":[],"views":158,"_links":{"self":[{"href":"https:\/\/www.bahiananoticias.com.br\/v1\/wp-json\/wp\/v2\/posts\/20038"}],"collection":[{"href":"https:\/\/www.bahiananoticias.com.br\/v1\/wp-json\/wp\/v2\/posts"}],"about":[{"href":"https:\/\/www.bahiananoticias.com.br\/v1\/wp-json\/wp\/v2\/types\/post"}],"author":[{"embeddable":true,"href":"https:\/\/www.bahiananoticias.com.br\/v1\/wp-json\/wp\/v2\/users\/3"}],"replies":[{"embeddable":true,"href":"https:\/\/www.bahiananoticias.com.br\/v1\/wp-json\/wp\/v2\/comments?post=20038"}],"version-history":[{"count":2,"href":"https:\/\/www.bahiananoticias.com.br\/v1\/wp-json\/wp\/v2\/posts\/20038\/revisions"}],"predecessor-version":[{"id":20695,"href":"https:\/\/www.bahiananoticias.com.br\/v1\/wp-json\/wp\/v2\/posts\/20038\/revisions\/20695"}],"wp:featuredmedia":[{"embeddable":true,"href":"https:\/\/www.bahiananoticias.com.br\/v1\/wp-json\/wp\/v2\/media\/20039"}],"wp:attachment":[{"href":"https:\/\/www.bahiananoticias.com.br\/v1\/wp-json\/wp\/v2\/media?parent=20038"}],"wp:term":[{"taxonomy":"category","embeddable":true,"href":"https:\/\/www.bahiananoticias.com.br\/v1\/wp-json\/wp\/v2\/categories?post=20038"},{"taxonomy":"post_tag","embeddable":true,"href":"https:\/\/www.bahiananoticias.com.br\/v1\/wp-json\/wp\/v2\/tags?post=20038"}],"curies":[{"name":"wp","href":"https:\/\/api.w.org\/{rel}","templated":true}]}}