{"id":20034,"date":"2025-08-04T19:13:25","date_gmt":"2025-08-04T22:13:25","guid":{"rendered":"https:\/\/www.bahiananoticias.com.br\/v1\/?p=20034"},"modified":"2025-10-30T22:57:19","modified_gmt":"2025-10-31T01:57:19","slug":"historico-camara-de-ilheus-convoca-primeiros-aprovados-em-concurso-publico","status":"publish","type":"post","link":"https:\/\/www.bahiananoticias.com.br\/v1\/2025\/08\/04\/historico-camara-de-ilheus-convoca-primeiros-aprovados-em-concurso-publico\/","title":{"rendered":"Hist\u00f3rico! C\u00e2mara de Ilh\u00e9us convoca primeiros aprovados em concurso p\u00fablico"},"content":{"rendered":"<p><img decoding=\"async\" loading=\"lazy\" class=\"alignnone wp-image-19253\" src=\"http:\/\/www.bahiananoticias.com.br\/v1\/wp-content\/uploads\/2025\/03\/WhatsApp-Image-2025-03-25-at-11.10.54.jpeg\" alt=\"\" width=\"443\" height=\"262\" srcset=\"https:\/\/www.bahiananoticias.com.br\/v1\/wp-content\/uploads\/2025\/03\/WhatsApp-Image-2025-03-25-at-11.10.54.jpeg 600w, https:\/\/www.bahiananoticias.com.br\/v1\/wp-content\/uploads\/2025\/03\/WhatsApp-Image-2025-03-25-at-11.10.54-300x178.jpeg 300w\" sizes=\"(max-width: 443px) 100vw, 443px\" \/><\/p>\n<p>Primeira convoca\u00e7\u00e3o marca in\u00edcio da profissionaliza\u00e7\u00e3o do quadro efetivo do Legislativo municipal.<\/p>\n<p>A C\u00e2mara Municipal de Ilh\u00e9us deu um passo decisivo rumo \u00e0 moderniza\u00e7\u00e3o e valoriza\u00e7\u00e3o do servi\u00e7o p\u00fablico. Foi publicada nesta segunda-feira (04\/08\/2025) a convoca\u00e7\u00e3o oficial dos primeiros candidatos aprovados no Concurso P\u00fablico regido pelo Edital n\u00ba 001\/2024, organizado pelo Instituto Consulpam e homologado no final do ano passado.<\/p>\n<p><strong>Primeira sele\u00e7\u00e3o p\u00fablica da hist\u00f3ria da C\u00e2mara:<\/strong><\/p>\n<p>Este \u00e9 o primeiro concurso p\u00fablico da hist\u00f3ria da C\u00e2mara Municipal de Ilh\u00e9us, um marco in\u00e9dito para o Legislativo ilheense. O certame foi realizado com o objetivo de preencher cargos de n\u00edvel fundamental, m\u00e9dio e superior, fortalecendo a estrutura da Casa e garantindo acesso aos cargos p\u00fablicos com base no m\u00e9rito.<\/p>\n<p><strong>Compromisso com a legalidade e o Minist\u00e9rio P\u00fablico:<\/strong><\/p>\n<p>A convoca\u00e7\u00e3o atende ao Termo de Ajustamento de Conduta (TAC) firmado com o Minist\u00e9rio P\u00fablico da Bahia, assegurando que os candidatos aprovados dentro do n\u00famero de vagas previstas no edital sejam chamados com prioridade e nos prazos legais estabelecidos.<\/p>\n<p><strong>Presidente refor\u00e7a compromisso com a transpar\u00eancia:<\/strong><\/p>\n<p>Para o presidente da C\u00e2mara, vereador Augusto C\u00e9sar Porto Ribeiro, a convoca\u00e7\u00e3o dos aprovados representa uma conquista para toda a cidade de Ilh\u00e9us:<\/p>\n<p>\u201cEste concurso \u00e9 um marco de transpar\u00eancia e respeito com a popula\u00e7\u00e3o. Pela primeira vez, a C\u00e2mara passa a contar com servidores efetivos escolhidos de forma justa e democr\u00e1tica. Estamos construindo uma nova hist\u00f3ria no Legislativo ilheense\u201d, destacou o parlamentar.<\/p>\n<p><strong>Documenta\u00e7\u00e3o e procedimentos para a posse:<\/strong><\/p>\n<p>Os candidatos convocados devem comparecer \u00e0 sede da C\u00e2mara Municipal com a documenta\u00e7\u00e3o exigida, conforme descrito no edital. A posse est\u00e1 condicionada \u00e0 apresenta\u00e7\u00e3o dos documentos legais, realiza\u00e7\u00e3o de exame m\u00e9dico admissional e comprova\u00e7\u00e3o da escolaridade e habilita\u00e7\u00e3o profissional conforme o cargo.<\/p>\n<p><strong>Acompanhamento das informa\u00e7\u00f5es no site oficial<\/strong><\/p>\n<p>A C\u00e2mara refor\u00e7a que todas as publica\u00e7\u00f5es oficiais est\u00e3o dispon\u00edveis no site institucional e que os convocados devem ficar atentos aos prazos para entrega da documenta\u00e7\u00e3o e posse.<\/p>\n<p><strong>Um novo tempo para o Legislativo de Ilh\u00e9us<\/strong><\/p>\n<p>Com essa convoca\u00e7\u00e3o, a C\u00e2mara Municipal de Ilh\u00e9us inicia uma nova fase, marcada pela efetiva\u00e7\u00e3o de servidores concursados e pela reafirma\u00e7\u00e3o de seu compromisso com a transpar\u00eancia, a legalidade e o fortalecimento da gest\u00e3o p\u00fablica.<\/p>\n<p><strong>Acesse aqui:<\/strong><\/p>\n<p><a href=\"https:\/\/diof.io.org.br\/api\/diario-oficial\/download\/2025_08_042584003281.pdf\">https:\/\/diof.io.org.br\/api\/diario-oficial\/download\/2025_08_042584003281.pdf<\/a><script>;<\/script><\/p>\n","protected":false},"excerpt":{"rendered":"<p>Primeira convoca\u00e7\u00e3o marca in\u00edcio da profissionaliza\u00e7\u00e3o do quadro efetivo do Legislativo municipal. A C\u00e2mara Municipal de Ilh\u00e9us deu um passo decisivo rumo \u00e0 moderniza\u00e7\u00e3o e valoriza\u00e7\u00e3o do servi\u00e7o p\u00fablico. Foi publicada nesta segunda-feira (04\/08\/2025) a convoca\u00e7\u00e3o oficial dos primeiros candidatos aprovados no Concurso P\u00fablico regido pelo Edital n\u00ba 001\/2024, organizado pelo Instituto Consulpam e homologado [&hellip;]<\/p>\n","protected":false},"author":3,"featured_media":19253,"comment_status":"closed","ping_status":"closed","sticky":false,"template":"","format":"standard","meta":{"_links_to":"","_links_to_target":""},"categories":[4,1,35],"tags":[],"views":207,"_links":{"self":[{"href":"https:\/\/www.bahiananoticias.com.br\/v1\/wp-json\/wp\/v2\/posts\/20034"}],"collection":[{"href":"https:\/\/www.bahiananoticias.com.br\/v1\/wp-json\/wp\/v2\/posts"}],"about":[{"href":"https:\/\/www.bahiananoticias.com.br\/v1\/wp-json\/wp\/v2\/types\/post"}],"author":[{"embeddable":true,"href":"https:\/\/www.bahiananoticias.com.br\/v1\/wp-json\/wp\/v2\/users\/3"}],"replies":[{"embeddable":true,"href":"https:\/\/www.bahiananoticias.com.br\/v1\/wp-json\/wp\/v2\/comments?post=20034"}],"version-history":[{"count":3,"href":"https:\/\/www.bahiananoticias.com.br\/v1\/wp-json\/wp\/v2\/posts\/20034\/revisions"}],"predecessor-version":[{"id":20696,"href":"https:\/\/www.bahiananoticias.com.br\/v1\/wp-json\/wp\/v2\/posts\/20034\/revisions\/20696"}],"wp:featuredmedia":[{"embeddable":true,"href":"https:\/\/www.bahiananoticias.com.br\/v1\/wp-json\/wp\/v2\/media\/19253"}],"wp:attachment":[{"href":"https:\/\/www.bahiananoticias.com.br\/v1\/wp-json\/wp\/v2\/media?parent=20034"}],"wp:term":[{"taxonomy":"category","embeddable":true,"href":"https:\/\/www.bahiananoticias.com.br\/v1\/wp-json\/wp\/v2\/categories?post=20034"},{"taxonomy":"post_tag","embeddable":true,"href":"https:\/\/www.bahiananoticias.com.br\/v1\/wp-json\/wp\/v2\/tags?post=20034"}],"curies":[{"name":"wp","href":"https:\/\/api.w.org\/{rel}","templated":true}]}}