{"id":19941,"date":"2025-06-25T12:36:23","date_gmt":"2025-06-25T15:36:23","guid":{"rendered":"https:\/\/www.bahiananoticias.com.br\/v1\/?p=19941"},"modified":"2025-10-30T23:00:55","modified_gmt":"2025-10-31T02:00:55","slug":"missa-de-acao-de-gracas-celebrara-491-anos-de-ilheus-no-sabado-28","status":"publish","type":"post","link":"https:\/\/www.bahiananoticias.com.br\/v1\/2025\/06\/25\/missa-de-acao-de-gracas-celebrara-491-anos-de-ilheus-no-sabado-28\/","title":{"rendered":"Missa de A\u00e7\u00e3o de Gra\u00e7as celebrar\u00e1 491 anos de Ilh\u00e9us no s\u00e1bado, 28"},"content":{"rendered":"<div id=\"attachment_19942\" style=\"width: 610px\" class=\"wp-caption alignnone\"><img aria-describedby=\"caption-attachment-19942\" decoding=\"async\" loading=\"lazy\" class=\"size-full wp-image-19942\" src=\"http:\/\/www.bahiananoticias.com.br\/v1\/wp-content\/uploads\/2025\/06\/BAA5DBA1-ACAA-DD16-5E5C-B44BE713A620.jpg\" alt=\"Foto: Nadson Carvalho \/ Sucom\" width=\"600\" height=\"400\" srcset=\"https:\/\/www.bahiananoticias.com.br\/v1\/wp-content\/uploads\/2025\/06\/BAA5DBA1-ACAA-DD16-5E5C-B44BE713A620.jpg 600w, https:\/\/www.bahiananoticias.com.br\/v1\/wp-content\/uploads\/2025\/06\/BAA5DBA1-ACAA-DD16-5E5C-B44BE713A620-300x200.jpg 300w\" sizes=\"(max-width: 600px) 100vw, 600px\" \/><p id=\"caption-attachment-19942\" class=\"wp-caption-text\">Foto: Nadson Carvalho \/ Sucom<\/p><\/div>\n<p>Ilh\u00e9us completa 491 anos de funda\u00e7\u00e3o neste s\u00e1bado, 28 de junho. Para marcar a data, ser\u00e1 realizada a tradicional solenidade de hasteamento das bandeiras, \u00e0s 9h30, na Pra\u00e7a Dom Eduardo.<\/p>\n<p>O ato ser\u00e1 presidido pelo prefeito Valderico Junior, ao lado do presidente da C\u00e2mara de Vereadores, C\u00e9sar Porto, com participa\u00e7\u00e3o da Banda de M\u00fasica da Pol\u00edcia Militar da Bahia.<\/p>\n<p>Logo ap\u00f3s, a partir das 10h, ser\u00e1 celebrada Missa Solene em a\u00e7\u00e3o de gra\u00e7as, presidida pelo Bispo Diocesano, Dom Giovanni Crippa. A celebra\u00e7\u00e3o reunir\u00e1 autoridades civis, militares e fi\u00e9is, num momento de f\u00e9 e agradecimento a Deus pela Hist\u00f3ria da Cidade de S\u00e3o Jorge dos Ilh\u00e9us.<script>;<\/script><\/p>\n","protected":false},"excerpt":{"rendered":"<p>Ilh\u00e9us completa 491 anos de funda\u00e7\u00e3o neste s\u00e1bado, 28 de junho. Para marcar a data, ser\u00e1 realizada a tradicional solenidade de hasteamento das bandeiras, \u00e0s 9h30, na Pra\u00e7a Dom Eduardo. O ato ser\u00e1 presidido pelo prefeito Valderico Junior, ao lado do presidente da C\u00e2mara de Vereadores, C\u00e9sar Porto, com participa\u00e7\u00e3o da Banda de M\u00fasica da [&hellip;]<\/p>\n","protected":false},"author":3,"featured_media":19942,"comment_status":"closed","ping_status":"closed","sticky":false,"template":"","format":"standard","meta":{"_links_to":"","_links_to_target":""},"categories":[11,9],"tags":[],"views":147,"_links":{"self":[{"href":"https:\/\/www.bahiananoticias.com.br\/v1\/wp-json\/wp\/v2\/posts\/19941"}],"collection":[{"href":"https:\/\/www.bahiananoticias.com.br\/v1\/wp-json\/wp\/v2\/posts"}],"about":[{"href":"https:\/\/www.bahiananoticias.com.br\/v1\/wp-json\/wp\/v2\/types\/post"}],"author":[{"embeddable":true,"href":"https:\/\/www.bahiananoticias.com.br\/v1\/wp-json\/wp\/v2\/users\/3"}],"replies":[{"embeddable":true,"href":"https:\/\/www.bahiananoticias.com.br\/v1\/wp-json\/wp\/v2\/comments?post=19941"}],"version-history":[{"count":2,"href":"https:\/\/www.bahiananoticias.com.br\/v1\/wp-json\/wp\/v2\/posts\/19941\/revisions"}],"predecessor-version":[{"id":20729,"href":"https:\/\/www.bahiananoticias.com.br\/v1\/wp-json\/wp\/v2\/posts\/19941\/revisions\/20729"}],"wp:featuredmedia":[{"embeddable":true,"href":"https:\/\/www.bahiananoticias.com.br\/v1\/wp-json\/wp\/v2\/media\/19942"}],"wp:attachment":[{"href":"https:\/\/www.bahiananoticias.com.br\/v1\/wp-json\/wp\/v2\/media?parent=19941"}],"wp:term":[{"taxonomy":"category","embeddable":true,"href":"https:\/\/www.bahiananoticias.com.br\/v1\/wp-json\/wp\/v2\/categories?post=19941"},{"taxonomy":"post_tag","embeddable":true,"href":"https:\/\/www.bahiananoticias.com.br\/v1\/wp-json\/wp\/v2\/tags?post=19941"}],"curies":[{"name":"wp","href":"https:\/\/api.w.org\/{rel}","templated":true}]}}