{"id":19937,"date":"2025-06-23T19:20:19","date_gmt":"2025-06-23T22:20:19","guid":{"rendered":"https:\/\/www.bahiananoticias.com.br\/v1\/?p=19937"},"modified":"2025-10-30T23:01:08","modified_gmt":"2025-10-31T02:01:08","slug":"ilheus-adere-ao-segundo-ciclo-da-politica-nacional-aldir-blanc","status":"publish","type":"post","link":"https:\/\/www.bahiananoticias.com.br\/v1\/2025\/06\/23\/ilheus-adere-ao-segundo-ciclo-da-politica-nacional-aldir-blanc\/","title":{"rendered":"Ilh\u00e9us adere ao segundo ciclo da Pol\u00edtica Nacional Aldir Blanc"},"content":{"rendered":"<p><img decoding=\"async\" loading=\"lazy\" class=\"alignnone size-full wp-image-19482\" src=\"http:\/\/www.bahiananoticias.com.br\/v1\/wp-content\/uploads\/2025\/04\/CBCEE15E-EDD6-0AAB-7DD0-AEAD3EEEDBE1.jpg\" alt=\"\" width=\"600\" height=\"398\" srcset=\"https:\/\/www.bahiananoticias.com.br\/v1\/wp-content\/uploads\/2025\/04\/CBCEE15E-EDD6-0AAB-7DD0-AEAD3EEEDBE1.jpg 600w, https:\/\/www.bahiananoticias.com.br\/v1\/wp-content\/uploads\/2025\/04\/CBCEE15E-EDD6-0AAB-7DD0-AEAD3EEEDBE1-300x199.jpg 300w\" sizes=\"(max-width: 600px) 100vw, 600px\" \/><\/p>\n<p>A Prefeitura de Ilh\u00e9us, atrav\u00e9s da Secretaria de Cultura, aderiu ao segundo ciclo da Pol\u00edtica Nacional Aldir Blanc (PNAB). Com a ades\u00e3o, o munic\u00edpio garantiu o valor total de R$ 5.334.097,40 para investimentos no setor cultural nos pr\u00f3ximos anos &#8211; ainda em 2025, a cidade receber\u00e1 R$ 1.333.524,35.<\/p>\n<p>A secret\u00e1ria municipal de Cultura, Anarleide Menezes, destacou a relev\u00e2ncia desse novo ciclo de recursos para Ilh\u00e9us:<\/p>\n<p>&#8220;Essa ades\u00e3o reafirma o nosso compromisso com o setor cultural. Os recursos da PNAB s\u00e3o fundamentais para apoiar os fazedores de cultura da cidade, promovendo a diversidade e o crescimento de artistas, grupos e coletivos&#8221;.<\/p>\n<p>Atualmente, a Prefeitura de Ilh\u00e9us executa dois editais da PNAB 2. Um para fomento a projetos culturais e outro da pol\u00edtica Cultura Viva, voltado aos pontos e pont\u00f5es de cultura. Ambos est\u00e3o na fase final e, ao todo, destinar\u00e3o R$ 980 mil para o financiamento de 122 projetos e R$ 420 mil para 10 pontos de cultura.<script>;<\/script><\/p>\n","protected":false},"excerpt":{"rendered":"<p>A Prefeitura de Ilh\u00e9us, atrav\u00e9s da Secretaria de Cultura, aderiu ao segundo ciclo da Pol\u00edtica Nacional Aldir Blanc (PNAB). Com a ades\u00e3o, o munic\u00edpio garantiu o valor total de R$ 5.334.097,40 para investimentos no setor cultural nos pr\u00f3ximos anos &#8211; ainda em 2025, a cidade receber\u00e1 R$ 1.333.524,35. A secret\u00e1ria municipal de Cultura, Anarleide Menezes, [&hellip;]<\/p>\n","protected":false},"author":3,"featured_media":19482,"comment_status":"closed","ping_status":"closed","sticky":false,"template":"","format":"standard","meta":{"_links_to":"","_links_to_target":""},"categories":[11,9],"tags":[],"views":198,"_links":{"self":[{"href":"https:\/\/www.bahiananoticias.com.br\/v1\/wp-json\/wp\/v2\/posts\/19937"}],"collection":[{"href":"https:\/\/www.bahiananoticias.com.br\/v1\/wp-json\/wp\/v2\/posts"}],"about":[{"href":"https:\/\/www.bahiananoticias.com.br\/v1\/wp-json\/wp\/v2\/types\/post"}],"author":[{"embeddable":true,"href":"https:\/\/www.bahiananoticias.com.br\/v1\/wp-json\/wp\/v2\/users\/3"}],"replies":[{"embeddable":true,"href":"https:\/\/www.bahiananoticias.com.br\/v1\/wp-json\/wp\/v2\/comments?post=19937"}],"version-history":[{"count":2,"href":"https:\/\/www.bahiananoticias.com.br\/v1\/wp-json\/wp\/v2\/posts\/19937\/revisions"}],"predecessor-version":[{"id":20731,"href":"https:\/\/www.bahiananoticias.com.br\/v1\/wp-json\/wp\/v2\/posts\/19937\/revisions\/20731"}],"wp:featuredmedia":[{"embeddable":true,"href":"https:\/\/www.bahiananoticias.com.br\/v1\/wp-json\/wp\/v2\/media\/19482"}],"wp:attachment":[{"href":"https:\/\/www.bahiananoticias.com.br\/v1\/wp-json\/wp\/v2\/media?parent=19937"}],"wp:term":[{"taxonomy":"category","embeddable":true,"href":"https:\/\/www.bahiananoticias.com.br\/v1\/wp-json\/wp\/v2\/categories?post=19937"},{"taxonomy":"post_tag","embeddable":true,"href":"https:\/\/www.bahiananoticias.com.br\/v1\/wp-json\/wp\/v2\/tags?post=19937"}],"curies":[{"name":"wp","href":"https:\/\/api.w.org\/{rel}","templated":true}]}}