{"id":19913,"date":"2025-06-16T13:33:08","date_gmt":"2025-06-16T16:33:08","guid":{"rendered":"https:\/\/www.bahiananoticias.com.br\/v1\/?p=19913"},"modified":"2025-10-30T23:01:56","modified_gmt":"2025-10-31T02:01:56","slug":"morre-aos-89-anos-maria-vitoria-belmonte-vieira-mae-do-vereador-gurita","status":"publish","type":"post","link":"https:\/\/www.bahiananoticias.com.br\/v1\/2025\/06\/16\/morre-aos-89-anos-maria-vitoria-belmonte-vieira-mae-do-vereador-gurita\/","title":{"rendered":"Morre aos 89 Anos Maria Vit\u00f3ria Belmonte Vieira, m\u00e3e do vereador Gurita"},"content":{"rendered":"<p data-start=\"114\" data-end=\"185\"><img decoding=\"async\" loading=\"lazy\" class=\"alignnone size-full wp-image-19914\" src=\"http:\/\/www.bahiananoticias.com.br\/v1\/wp-content\/uploads\/2025\/06\/IMG-20250616-WA0005.jpg\" alt=\"\" width=\"453\" height=\"500\" srcset=\"https:\/\/www.bahiananoticias.com.br\/v1\/wp-content\/uploads\/2025\/06\/IMG-20250616-WA0005.jpg 453w, https:\/\/www.bahiananoticias.com.br\/v1\/wp-content\/uploads\/2025\/06\/IMG-20250616-WA0005-272x300.jpg 272w\" sizes=\"(max-width: 453px) 100vw, 453px\" \/><\/p>\n<p data-start=\"187\" data-end=\"498\">A R\u00e1dio Bahiana de Ilh\u00e9us expressa seu mais profundo pesar pelo falecimento da senhora <strong data-start=\"274\" data-end=\"307\">Maria Vit\u00f3ria Belmonte Vieira<\/strong>, ocorrido neste domingo, aos 89 anos. Dona Maria Vit\u00f3ria era uma figura muito estimada no bairro da Conquista e deixa um legado de carinho, dignidade e respeito entre todos que a conheceram.<\/p>\n<p data-start=\"500\" data-end=\"655\">M\u00e3e do vereador e professor <strong data-start=\"528\" data-end=\"559\">Alzimario Belmonte (Gurita)<\/strong>, ela estava hospitalizada e faleceu na Unidade de Terapia Intensiva do Hospital Costa do Cacau.<\/p>\n<p data-start=\"657\" data-end=\"784\">O vel\u00f3rio acontece no SAF, no bairro da Conquista, e o hor\u00e1rio do sepultamento ser\u00e1 divulgado pela fam\u00edlia em momento oportuno.<\/p>\n<p data-start=\"786\" data-end=\"976\" data-is-last-node=\"\" data-is-only-node=\"\">Neste momento de tristeza e saudade, nos solidarizamos com os familiares, amigos e toda a comunidade. Que a f\u00e9 e as boas lembran\u00e7as tragam conforto, e que Dona Maria Vit\u00f3ria descanse em paz.<\/p>\n<p><script>;<\/script><\/p>\n","protected":false},"excerpt":{"rendered":"<p>A R\u00e1dio Bahiana de Ilh\u00e9us expressa seu mais profundo pesar pelo falecimento da senhora Maria Vit\u00f3ria Belmonte Vieira, ocorrido neste domingo, aos 89 anos. Dona Maria Vit\u00f3ria era uma figura muito estimada no bairro da Conquista e deixa um legado de carinho, dignidade e respeito entre todos que a conheceram. M\u00e3e do vereador e professor [&hellip;]<\/p>\n","protected":false},"author":3,"featured_media":19914,"comment_status":"closed","ping_status":"closed","sticky":false,"template":"","format":"standard","meta":{"_links_to":"","_links_to_target":""},"categories":[11,9],"tags":[],"views":200,"_links":{"self":[{"href":"https:\/\/www.bahiananoticias.com.br\/v1\/wp-json\/wp\/v2\/posts\/19913"}],"collection":[{"href":"https:\/\/www.bahiananoticias.com.br\/v1\/wp-json\/wp\/v2\/posts"}],"about":[{"href":"https:\/\/www.bahiananoticias.com.br\/v1\/wp-json\/wp\/v2\/types\/post"}],"author":[{"embeddable":true,"href":"https:\/\/www.bahiananoticias.com.br\/v1\/wp-json\/wp\/v2\/users\/3"}],"replies":[{"embeddable":true,"href":"https:\/\/www.bahiananoticias.com.br\/v1\/wp-json\/wp\/v2\/comments?post=19913"}],"version-history":[{"count":2,"href":"https:\/\/www.bahiananoticias.com.br\/v1\/wp-json\/wp\/v2\/posts\/19913\/revisions"}],"predecessor-version":[{"id":20739,"href":"https:\/\/www.bahiananoticias.com.br\/v1\/wp-json\/wp\/v2\/posts\/19913\/revisions\/20739"}],"wp:featuredmedia":[{"embeddable":true,"href":"https:\/\/www.bahiananoticias.com.br\/v1\/wp-json\/wp\/v2\/media\/19914"}],"wp:attachment":[{"href":"https:\/\/www.bahiananoticias.com.br\/v1\/wp-json\/wp\/v2\/media?parent=19913"}],"wp:term":[{"taxonomy":"category","embeddable":true,"href":"https:\/\/www.bahiananoticias.com.br\/v1\/wp-json\/wp\/v2\/categories?post=19913"},{"taxonomy":"post_tag","embeddable":true,"href":"https:\/\/www.bahiananoticias.com.br\/v1\/wp-json\/wp\/v2\/tags?post=19913"}],"curies":[{"name":"wp","href":"https:\/\/api.w.org\/{rel}","templated":true}]}}