{"id":19910,"date":"2025-06-13T17:36:24","date_gmt":"2025-06-13T20:36:24","guid":{"rendered":"https:\/\/www.bahiananoticias.com.br\/v1\/?p=19910"},"modified":"2025-10-30T23:02:02","modified_gmt":"2025-10-31T02:02:02","slug":"ilheus-tera-transporte-publico-gratuito-durante-o-meu-sao-joao-amado-que-comeca-hoje","status":"publish","type":"post","link":"https:\/\/www.bahiananoticias.com.br\/v1\/2025\/06\/13\/ilheus-tera-transporte-publico-gratuito-durante-o-meu-sao-joao-amado-que-comeca-hoje\/","title":{"rendered":"Ilh\u00e9us ter\u00e1 transporte p\u00fablico gratuito durante o Meu S\u00e3o Jo\u00e3o Amado que come\u00e7a hoje"},"content":{"rendered":"<p><img decoding=\"async\" loading=\"lazy\" class=\"alignnone size-full wp-image-19911\" src=\"http:\/\/www.bahiananoticias.com.br\/v1\/wp-content\/uploads\/2025\/06\/db61cf93-9658-45c0-ab7d-b7df5d6987a7.jpeg\" alt=\"\" width=\"600\" height=\"338\" srcset=\"https:\/\/www.bahiananoticias.com.br\/v1\/wp-content\/uploads\/2025\/06\/db61cf93-9658-45c0-ab7d-b7df5d6987a7.jpeg 600w, https:\/\/www.bahiananoticias.com.br\/v1\/wp-content\/uploads\/2025\/06\/db61cf93-9658-45c0-ab7d-b7df5d6987a7-300x169.jpeg 300w\" sizes=\"(max-width: 600px) 100vw, 600px\" \/><\/p>\n<p>A Prefeitura de Ilh\u00e9us disponibilizar\u00e1 transporte p\u00fablico gratuito para a popula\u00e7\u00e3o durante os festejos juninos do Meu S\u00e3o Jo\u00e3o Amado. A a\u00e7\u00e3o coordenada pela Autarquia de Transporte e Tr\u00e2nsito (SUTRAM) come\u00e7a a partir das 19h, com \u00f4nibus saindo dos bairros da cidade em dire\u00e7\u00e3o ao local da festa, e o retorno ser\u00e1 garantido at\u00e9 \u00e0s 6h da manh\u00e3.<\/p>\n<p>Nos distritos, a gratuidade ser\u00e1 aplicada a partir do \u00faltimo hor\u00e1rio de sa\u00edda para a cidade e no primeiro hor\u00e1rio de retorno para cada localidade, assegurando que moradores da zona rural tamb\u00e9m possam participar do evento com tranquilidade e seguran\u00e7a.<\/p>\n<p>A iniciativa tem como objetivo facilitar o deslocamento dos ilheenses, reduzir o n\u00famero de ve\u00edculos particulares em circula\u00e7\u00e3o e contribuir com a seguran\u00e7a vi\u00e1ria durante o per\u00edodo festivo. Al\u00e9m disso, a medida refor\u00e7a o compromisso da Prefeitura de Ilh\u00e9us em promover a inclus\u00e3o social e o acesso democr\u00e1tico \u00e0 cultura, especialmente em eventos tradicionais que fortalecem a identidade local.<script>;<\/script><\/p>\n","protected":false},"excerpt":{"rendered":"<p>A Prefeitura de Ilh\u00e9us disponibilizar\u00e1 transporte p\u00fablico gratuito para a popula\u00e7\u00e3o durante os festejos juninos do Meu S\u00e3o Jo\u00e3o Amado. A a\u00e7\u00e3o coordenada pela Autarquia de Transporte e Tr\u00e2nsito (SUTRAM) come\u00e7a a partir das 19h, com \u00f4nibus saindo dos bairros da cidade em dire\u00e7\u00e3o ao local da festa, e o retorno ser\u00e1 garantido at\u00e9 \u00e0s [&hellip;]<\/p>\n","protected":false},"author":3,"featured_media":19911,"comment_status":"closed","ping_status":"closed","sticky":false,"template":"","format":"standard","meta":{"_links_to":"","_links_to_target":""},"categories":[11,9],"tags":[],"views":146,"_links":{"self":[{"href":"https:\/\/www.bahiananoticias.com.br\/v1\/wp-json\/wp\/v2\/posts\/19910"}],"collection":[{"href":"https:\/\/www.bahiananoticias.com.br\/v1\/wp-json\/wp\/v2\/posts"}],"about":[{"href":"https:\/\/www.bahiananoticias.com.br\/v1\/wp-json\/wp\/v2\/types\/post"}],"author":[{"embeddable":true,"href":"https:\/\/www.bahiananoticias.com.br\/v1\/wp-json\/wp\/v2\/users\/3"}],"replies":[{"embeddable":true,"href":"https:\/\/www.bahiananoticias.com.br\/v1\/wp-json\/wp\/v2\/comments?post=19910"}],"version-history":[{"count":2,"href":"https:\/\/www.bahiananoticias.com.br\/v1\/wp-json\/wp\/v2\/posts\/19910\/revisions"}],"predecessor-version":[{"id":20740,"href":"https:\/\/www.bahiananoticias.com.br\/v1\/wp-json\/wp\/v2\/posts\/19910\/revisions\/20740"}],"wp:featuredmedia":[{"embeddable":true,"href":"https:\/\/www.bahiananoticias.com.br\/v1\/wp-json\/wp\/v2\/media\/19911"}],"wp:attachment":[{"href":"https:\/\/www.bahiananoticias.com.br\/v1\/wp-json\/wp\/v2\/media?parent=19910"}],"wp:term":[{"taxonomy":"category","embeddable":true,"href":"https:\/\/www.bahiananoticias.com.br\/v1\/wp-json\/wp\/v2\/categories?post=19910"},{"taxonomy":"post_tag","embeddable":true,"href":"https:\/\/www.bahiananoticias.com.br\/v1\/wp-json\/wp\/v2\/tags?post=19910"}],"curies":[{"name":"wp","href":"https:\/\/api.w.org\/{rel}","templated":true}]}}