{"id":19903,"date":"2025-06-12T16:00:05","date_gmt":"2025-06-12T19:00:05","guid":{"rendered":"https:\/\/www.bahiananoticias.com.br\/v1\/?p=19903"},"modified":"2025-10-30T23:02:15","modified_gmt":"2025-10-31T02:02:15","slug":"mps-do-espirito-santo-e-da-bahia-desarticulam-organizacao-criminosa-ligada-ao-comando-vermelho-em-itabuna","status":"publish","type":"post","link":"https:\/\/www.bahiananoticias.com.br\/v1\/2025\/06\/12\/mps-do-espirito-santo-e-da-bahia-desarticulam-organizacao-criminosa-ligada-ao-comando-vermelho-em-itabuna\/","title":{"rendered":"MPs do Esp\u00edrito Santo e da Bahia desarticulam organiza\u00e7\u00e3o criminosa ligada ao Comando Vermelho em Itabuna"},"content":{"rendered":"<p><img decoding=\"async\" loading=\"lazy\" class=\"alignnone size-full wp-image-19904\" src=\"http:\/\/www.bahiananoticias.com.br\/v1\/wp-content\/uploads\/2025\/06\/whatsapp_image_2025-06-11_at_06.17.39.jpg\" alt=\"\" width=\"600\" height=\"460\" srcset=\"https:\/\/www.bahiananoticias.com.br\/v1\/wp-content\/uploads\/2025\/06\/whatsapp_image_2025-06-11_at_06.17.39.jpg 600w, https:\/\/www.bahiananoticias.com.br\/v1\/wp-content\/uploads\/2025\/06\/whatsapp_image_2025-06-11_at_06.17.39-300x230.jpg 300w\" sizes=\"(max-width: 600px) 100vw, 600px\" \/><\/p>\n<p class=\"rtejustify\">Uma opera\u00e7\u00e3o que visa desarticular organiza\u00e7\u00e3o criminosa vinculada ao Comando Vermelho foi deflagrada na manh\u00e3 de hoje, dia 11, pelo Minist\u00e9rio P\u00fablico do Esp\u00edrito Santo com o apoio do Minist\u00e9rio P\u00fablico do Estado da Bahia. Os Grupos de Atua\u00e7\u00e3o Especial de Combate \u00e0s Organiza\u00e7\u00f5es Criminosas e Investiga\u00e7\u00f5es Criminais dos dois MPs (Gaecos) est\u00e3o cumprindo 49 mandados de pris\u00e3o tempor\u00e1ria e 19 mandados de busca e apreens\u00e3o nos munic\u00edpios de Rio Bananal, Serra e Fund\u00e3o, no Esp\u00edrito Santo, e Itabuna e Camacan, na Bahia.<\/p>\n<p class=\"rtejustify\">Em Itabuna, as buscas est\u00e3o sendo realizadas em cela do Conjunto Penal. A a\u00e7\u00e3o ocorre em parceria pelo Gaeco, Grupo de Atua\u00e7\u00e3o Especial de Execu\u00e7\u00e3o Pena (Gaep), Secretaria de Administra\u00e7\u00e3o Penitenci\u00e1ria e Ressocializa\u00e7\u00e3o (Seap) e Pol\u00edcia Civil do Estado da Bahia. O foco da opera\u00e7\u00e3o em todas as localidades \u00e9 a apreens\u00e3o de documentos, computadores, telefones celulares, m\u00eddias e materiais que possam contribuir com o avan\u00e7o das investiga\u00e7\u00f5es. Segundo as apura\u00e7\u00f5es, a organiza\u00e7\u00e3o atua no tr\u00e1fico de drogas e associa\u00e7\u00e3o para o tr\u00e1fico de drogas no munic\u00edpio de Rio Bananal e regi\u00e3o.<\/p>\n<p class=\"rtejustify\">Os trabalhos come\u00e7aram na tarde de ontem, dia 10, com a pris\u00e3o dos dois principais alvos da opera\u00e7\u00e3o em Praia Grande, no munic\u00edpio de Fund\u00e3o (ES). Eles estavam sendo monitorados pelo servi\u00e7o de intelig\u00eancia do MPES, que constatou a possibilidade de ambos fugirem antes da deflagra\u00e7\u00e3o da opera\u00e7\u00e3o, nesta quarta-feira. A opera\u00e7\u00e3o \u00e9 conduzida por Promotores de Justi\u00e7a e servidores do Minist\u00e9rio P\u00fablico, Policiais Militares da Intelig\u00eancia da Assessoria Militar do MPES, Diretoria de Intelig\u00eancia da PMES, For\u00e7a T\u00e1tica e Grupamento de A\u00e7\u00f5es T\u00e1ticas (GAT) do 12\u00ba Batalh\u00e3o de Pol\u00edcia Milita (BPM), Batalh\u00e3o de A\u00e7\u00f5es com C\u00e3es (BAC) e Delegados e Oficiais da Pol\u00edcia Civil.<\/p>\n<p><script>;<\/script><\/p>\n","protected":false},"excerpt":{"rendered":"<p>Uma opera\u00e7\u00e3o que visa desarticular organiza\u00e7\u00e3o criminosa vinculada ao Comando Vermelho foi deflagrada na manh\u00e3 de hoje, dia 11, pelo Minist\u00e9rio P\u00fablico do Esp\u00edrito Santo com o apoio do Minist\u00e9rio P\u00fablico do Estado da Bahia. Os Grupos de Atua\u00e7\u00e3o Especial de Combate \u00e0s Organiza\u00e7\u00f5es Criminosas e Investiga\u00e7\u00f5es Criminais dos dois MPs (Gaecos) est\u00e3o cumprindo 49 [&hellip;]<\/p>\n","protected":false},"author":3,"featured_media":19904,"comment_status":"closed","ping_status":"closed","sticky":false,"template":"","format":"standard","meta":{"_links_to":"","_links_to_target":""},"categories":[11,9],"tags":[],"views":173,"_links":{"self":[{"href":"https:\/\/www.bahiananoticias.com.br\/v1\/wp-json\/wp\/v2\/posts\/19903"}],"collection":[{"href":"https:\/\/www.bahiananoticias.com.br\/v1\/wp-json\/wp\/v2\/posts"}],"about":[{"href":"https:\/\/www.bahiananoticias.com.br\/v1\/wp-json\/wp\/v2\/types\/post"}],"author":[{"embeddable":true,"href":"https:\/\/www.bahiananoticias.com.br\/v1\/wp-json\/wp\/v2\/users\/3"}],"replies":[{"embeddable":true,"href":"https:\/\/www.bahiananoticias.com.br\/v1\/wp-json\/wp\/v2\/comments?post=19903"}],"version-history":[{"count":2,"href":"https:\/\/www.bahiananoticias.com.br\/v1\/wp-json\/wp\/v2\/posts\/19903\/revisions"}],"predecessor-version":[{"id":20742,"href":"https:\/\/www.bahiananoticias.com.br\/v1\/wp-json\/wp\/v2\/posts\/19903\/revisions\/20742"}],"wp:featuredmedia":[{"embeddable":true,"href":"https:\/\/www.bahiananoticias.com.br\/v1\/wp-json\/wp\/v2\/media\/19904"}],"wp:attachment":[{"href":"https:\/\/www.bahiananoticias.com.br\/v1\/wp-json\/wp\/v2\/media?parent=19903"}],"wp:term":[{"taxonomy":"category","embeddable":true,"href":"https:\/\/www.bahiananoticias.com.br\/v1\/wp-json\/wp\/v2\/categories?post=19903"},{"taxonomy":"post_tag","embeddable":true,"href":"https:\/\/www.bahiananoticias.com.br\/v1\/wp-json\/wp\/v2\/tags?post=19903"}],"curies":[{"name":"wp","href":"https:\/\/api.w.org\/{rel}","templated":true}]}}