{"id":19897,"date":"2025-06-12T15:54:21","date_gmt":"2025-06-12T18:54:21","guid":{"rendered":"https:\/\/www.bahiananoticias.com.br\/v1\/?p=19897"},"modified":"2025-10-30T23:02:27","modified_gmt":"2025-10-31T02:02:27","slug":"meu-sao-joao-amado-tera-reconhecimento-facial-e-seguranca-reforcada","status":"publish","type":"post","link":"https:\/\/www.bahiananoticias.com.br\/v1\/2025\/06\/12\/meu-sao-joao-amado-tera-reconhecimento-facial-e-seguranca-reforcada\/","title":{"rendered":"Meu S\u00e3o Jo\u00e3o Amado ter\u00e1 reconhecimento facial e seguran\u00e7a refor\u00e7ada"},"content":{"rendered":"<p><img decoding=\"async\" loading=\"lazy\" class=\"alignnone size-full wp-image-19898\" src=\"http:\/\/www.bahiananoticias.com.br\/v1\/wp-content\/uploads\/2025\/06\/80DD3138-56CE-CADC-DDE6-8A6AA3050ECA.jpg\" alt=\"\" width=\"600\" height=\"400\" srcset=\"https:\/\/www.bahiananoticias.com.br\/v1\/wp-content\/uploads\/2025\/06\/80DD3138-56CE-CADC-DDE6-8A6AA3050ECA.jpg 600w, https:\/\/www.bahiananoticias.com.br\/v1\/wp-content\/uploads\/2025\/06\/80DD3138-56CE-CADC-DDE6-8A6AA3050ECA-300x200.jpg 300w\" sizes=\"(max-width: 600px) 100vw, 600px\" \/><\/p>\n<p>O Meu S\u00e3o Jo\u00e3o Amado \u2013 Arrai\u00e1 Ilh\u00e9us, promovido pela Prefeitura de Ilh\u00e9us, contar\u00e1 com um grande esquema de seguran\u00e7a para garantir tranquilidade e prote\u00e7\u00e3o ao p\u00fablico. A festa, que promete movimentar a cidade nesse final de semana, ter\u00e1 revistas nos portais de entrada e sistema de reconhecimento facial como parte das medidas adotadas.<\/p>\n<p>&#8220;As c\u00e2meras de reconhecimento facial permitem identificar rapidamente indiv\u00edduos procurados pela justi\u00e7a, com mandados de pris\u00e3o decretados, permitindo a a\u00e7\u00e3o eficiente dos \u00f3rg\u00e3os de seguran\u00e7a&#8221;, destaca o secret\u00e1rio de Ordem P\u00fablica, Igor Erdens.<\/p>\n<p>Coordenado pela Secretaria Municipal de Ordem P\u00fablica, o plano de seguran\u00e7a envolve a atua\u00e7\u00e3o da Guarda Civil Municipal, do Corpo de Bombeiros, de unidades do Org\u00e2nico do Comando de Policiamento da Regi\u00e3o Sul- CPRS, al\u00e9m de tropas Especializadas da Pol\u00edcia Militar da Bahia, cada uma com fun\u00e7\u00f5es estrat\u00e9gicas dentro e fora do circuito do evento.<\/p>\n<p>A Rondesp Sul ser\u00e1 respons\u00e1vel pelo patrulhamento t\u00e1tico nas imedia\u00e7\u00f5es do circuito e em pontos sens\u00edveis da cidade, contribuindo para a preven\u00e7\u00e3o de ocorr\u00eancias e pronta resposta em caso de necessidade.<\/p>\n<p>J\u00e1 a CIPE Cacaueira atuar\u00e1 em a\u00e7\u00f5es preventivas e de resposta r\u00e1pida, especialmente nas \u00e1reas de acesso ao evento, garantindo controle e fluidez no deslocamento do p\u00fablico.<\/p>\n<p>O Esquadr\u00e3o de Pol\u00edcia Montada de Itabuna (Cavalaria) refor\u00e7ar\u00e1 o policiamento no entorno da festa e tamb\u00e9m na faixa litor\u00e2nea, oferecendo mais visibilidade e cobertura em locais de grande circula\u00e7\u00e3o.<\/p>\n<p>O trabalho conjunto tem como foco a seguran\u00e7a da popula\u00e7\u00e3o e a manuten\u00e7\u00e3o da ordem p\u00fablica. A gest\u00e3o municipal destaca o compromisso com a realiza\u00e7\u00e3o de uma festa alegre, segura e organizada para ilheenses e visitantes.<script>;<\/script><\/p>\n","protected":false},"excerpt":{"rendered":"<p>O Meu S\u00e3o Jo\u00e3o Amado \u2013 Arrai\u00e1 Ilh\u00e9us, promovido pela Prefeitura de Ilh\u00e9us, contar\u00e1 com um grande esquema de seguran\u00e7a para garantir tranquilidade e prote\u00e7\u00e3o ao p\u00fablico. A festa, que promete movimentar a cidade nesse final de semana, ter\u00e1 revistas nos portais de entrada e sistema de reconhecimento facial como parte das medidas adotadas. &#8220;As [&hellip;]<\/p>\n","protected":false},"author":3,"featured_media":19898,"comment_status":"closed","ping_status":"closed","sticky":false,"template":"","format":"standard","meta":{"_links_to":"","_links_to_target":""},"categories":[11,9],"tags":[],"views":183,"_links":{"self":[{"href":"https:\/\/www.bahiananoticias.com.br\/v1\/wp-json\/wp\/v2\/posts\/19897"}],"collection":[{"href":"https:\/\/www.bahiananoticias.com.br\/v1\/wp-json\/wp\/v2\/posts"}],"about":[{"href":"https:\/\/www.bahiananoticias.com.br\/v1\/wp-json\/wp\/v2\/types\/post"}],"author":[{"embeddable":true,"href":"https:\/\/www.bahiananoticias.com.br\/v1\/wp-json\/wp\/v2\/users\/3"}],"replies":[{"embeddable":true,"href":"https:\/\/www.bahiananoticias.com.br\/v1\/wp-json\/wp\/v2\/comments?post=19897"}],"version-history":[{"count":2,"href":"https:\/\/www.bahiananoticias.com.br\/v1\/wp-json\/wp\/v2\/posts\/19897\/revisions"}],"predecessor-version":[{"id":20744,"href":"https:\/\/www.bahiananoticias.com.br\/v1\/wp-json\/wp\/v2\/posts\/19897\/revisions\/20744"}],"wp:featuredmedia":[{"embeddable":true,"href":"https:\/\/www.bahiananoticias.com.br\/v1\/wp-json\/wp\/v2\/media\/19898"}],"wp:attachment":[{"href":"https:\/\/www.bahiananoticias.com.br\/v1\/wp-json\/wp\/v2\/media?parent=19897"}],"wp:term":[{"taxonomy":"category","embeddable":true,"href":"https:\/\/www.bahiananoticias.com.br\/v1\/wp-json\/wp\/v2\/categories?post=19897"},{"taxonomy":"post_tag","embeddable":true,"href":"https:\/\/www.bahiananoticias.com.br\/v1\/wp-json\/wp\/v2\/tags?post=19897"}],"curies":[{"name":"wp","href":"https:\/\/api.w.org\/{rel}","templated":true}]}}