{"id":19877,"date":"2025-06-09T18:50:04","date_gmt":"2025-06-09T21:50:04","guid":{"rendered":"https:\/\/www.bahiananoticias.com.br\/v1\/?p=19877"},"modified":"2025-10-30T23:03:04","modified_gmt":"2025-10-31T02:03:04","slug":"radio-bahiana-de-ilheus-recebe-candidatos-a-presidencia-do-pt-bahia-para-entrevista-sobre-rumos-do-partido","status":"publish","type":"post","link":"https:\/\/www.bahiananoticias.com.br\/v1\/2025\/06\/09\/radio-bahiana-de-ilheus-recebe-candidatos-a-presidencia-do-pt-bahia-para-entrevista-sobre-rumos-do-partido\/","title":{"rendered":"R\u00e1dio Bahiana de Ilh\u00e9us recebe candidatos \u00e0 presid\u00eancia do PT Bahia para entrevista sobre rumos do partido"},"content":{"rendered":"<p><img decoding=\"async\" loading=\"lazy\" class=\"alignnone size-full wp-image-19878\" src=\"http:\/\/www.bahiananoticias.com.br\/v1\/wp-content\/uploads\/2025\/06\/WhatsApp-Image-2025-06-09-at-18.48.03.jpeg\" alt=\"\" width=\"600\" height=\"420\" srcset=\"https:\/\/www.bahiananoticias.com.br\/v1\/wp-content\/uploads\/2025\/06\/WhatsApp-Image-2025-06-09-at-18.48.03.jpeg 600w, https:\/\/www.bahiananoticias.com.br\/v1\/wp-content\/uploads\/2025\/06\/WhatsApp-Image-2025-06-09-at-18.48.03-300x210.jpeg 300w\" sizes=\"(max-width: 600px) 100vw, 600px\" \/><\/p>\n<p>Na manh\u00e3 da sexta-feira (06), o programa <em data-start=\"136\" data-end=\"153\">Falando Direito<\/em>, da R\u00e1dio Bahiana AM 1310, comandado pelo radialista Adilson Neves, recebeu os candidatos \u00e0 dire\u00e7\u00e3o estadual do Partido dos Trabalhadores (PT) na Bahia, Jonas Paulo e Ellen Coutinho. A entrevista marcou mais um momento de di\u00e1logo direto com a milit\u00e2ncia e a popula\u00e7\u00e3o no contexto do Processo de Elei\u00e7\u00f5es Diretas (PED) do PT, que definir\u00e1 os novos rumos da legenda no estado e no pa\u00eds.<\/p>\n<p data-start=\"544\" data-end=\"941\">Jonas Paulo,\u00a0 soci\u00f3logo, ex-presidente estadual do PT e atual coordenador-executivo do Conselho de Desenvolvimento Econ\u00f4mico e Social da Bahia, encabe\u00e7a uma candidatura, pela chapa \u201cConstruindo um Novo Brasil\u201d (CNB), unificada com a militante Ellen Coutinho, do \u201cColetivo Avante\u201d.<\/p>\n<p data-start=\"943\" data-end=\"1315\">Durante a entrevista, Jonas destacou a import\u00e2ncia de Ilh\u00e9us para o desenvolvimento regional e para o projeto pol\u00edtico do PT na Bahia. Segundo ele, a cidade tem papel estrat\u00e9gico na consolida\u00e7\u00e3o de pol\u00edticas p\u00fablicas voltadas ao crescimento com inclus\u00e3o social. \u201cIlh\u00e9us \u00e9 uma refer\u00eancia regional que precisa estar no centro do planejamento estrat\u00e9gico do estado\u201d, afirmou.<\/p>\n<p data-start=\"1317\" data-end=\"1880\">Ao analisar o cen\u00e1rio atual da legenda, Jonas fez cr\u00edticas contundentes \u00e0 condu\u00e7\u00e3o pol\u00edtica do partido nos \u00faltimos anos e defendeu uma reorienta\u00e7\u00e3o estrat\u00e9gica. Segundo o candidato, o PT perdeu a capacidade de propor, de formular, de ser protagonista, de buscar a lideran\u00e7a, de impulsionar e de orientar o governo. O PT abdicou de ser o partido que dirige o governo. Para ele, \u00e9 preciso promover uma virada na atua\u00e7\u00e3o da legenda, resgatando o protagonismo da milit\u00e2ncia, fortalecendo os diret\u00f3rios de base e reaproximando o partido das causas reais da classe trabalhadora.<\/p>\n<p data-start=\"1882\" data-end=\"2182\">A militante Ellen Coutinho refor\u00e7ou o compromisso da chapa com a reconstru\u00e7\u00e3o partid\u00e1ria a partir do di\u00e1logo permanente com a base e com os movimentos sociais. \u201cNossa candidatura nasce do ac\u00famulo de experi\u00eancias e da disposi\u00e7\u00e3o de colocar o partido novamente a servi\u00e7o das lutas populares\u201d, destacou.<\/p>\n<p data-start=\"2184\" data-end=\"2412\" data-is-last-node=\"\" data-is-only-node=\"\">A chapa liderada por Jonas e Ellen vem percorrendo o estado em encontros com a milit\u00e2ncia petista, buscando fortalecer uma proposta coletiva e comprometida com o futuro do PT, em sintonia com os desafios do Brasil contempor\u00e2neo.<\/p>\n<p><script>;<\/script><\/p>\n","protected":false},"excerpt":{"rendered":"<p>Na manh\u00e3 da sexta-feira (06), o programa Falando Direito, da R\u00e1dio Bahiana AM 1310, comandado pelo radialista Adilson Neves, recebeu os candidatos \u00e0 dire\u00e7\u00e3o estadual do Partido dos Trabalhadores (PT) na Bahia, Jonas Paulo e Ellen Coutinho. A entrevista marcou mais um momento de di\u00e1logo direto com a milit\u00e2ncia e a popula\u00e7\u00e3o no contexto do [&hellip;]<\/p>\n","protected":false},"author":3,"featured_media":19878,"comment_status":"closed","ping_status":"closed","sticky":false,"template":"","format":"standard","meta":{"_links_to":"","_links_to_target":""},"categories":[11,9],"tags":[],"views":185,"_links":{"self":[{"href":"https:\/\/www.bahiananoticias.com.br\/v1\/wp-json\/wp\/v2\/posts\/19877"}],"collection":[{"href":"https:\/\/www.bahiananoticias.com.br\/v1\/wp-json\/wp\/v2\/posts"}],"about":[{"href":"https:\/\/www.bahiananoticias.com.br\/v1\/wp-json\/wp\/v2\/types\/post"}],"author":[{"embeddable":true,"href":"https:\/\/www.bahiananoticias.com.br\/v1\/wp-json\/wp\/v2\/users\/3"}],"replies":[{"embeddable":true,"href":"https:\/\/www.bahiananoticias.com.br\/v1\/wp-json\/wp\/v2\/comments?post=19877"}],"version-history":[{"count":2,"href":"https:\/\/www.bahiananoticias.com.br\/v1\/wp-json\/wp\/v2\/posts\/19877\/revisions"}],"predecessor-version":[{"id":20750,"href":"https:\/\/www.bahiananoticias.com.br\/v1\/wp-json\/wp\/v2\/posts\/19877\/revisions\/20750"}],"wp:featuredmedia":[{"embeddable":true,"href":"https:\/\/www.bahiananoticias.com.br\/v1\/wp-json\/wp\/v2\/media\/19878"}],"wp:attachment":[{"href":"https:\/\/www.bahiananoticias.com.br\/v1\/wp-json\/wp\/v2\/media?parent=19877"}],"wp:term":[{"taxonomy":"category","embeddable":true,"href":"https:\/\/www.bahiananoticias.com.br\/v1\/wp-json\/wp\/v2\/categories?post=19877"},{"taxonomy":"post_tag","embeddable":true,"href":"https:\/\/www.bahiananoticias.com.br\/v1\/wp-json\/wp\/v2\/tags?post=19877"}],"curies":[{"name":"wp","href":"https:\/\/api.w.org\/{rel}","templated":true}]}}