{"id":19871,"date":"2025-06-09T16:54:04","date_gmt":"2025-06-09T19:54:04","guid":{"rendered":"https:\/\/www.bahiananoticias.com.br\/v1\/?p=19871"},"modified":"2025-10-30T23:03:16","modified_gmt":"2025-10-31T02:03:16","slug":"prefeitura-de-itabuna-comeca-a-definir-estrategias-da-saude-apos-contagem-da-populacao","status":"publish","type":"post","link":"https:\/\/www.bahiananoticias.com.br\/v1\/2025\/06\/09\/prefeitura-de-itabuna-comeca-a-definir-estrategias-da-saude-apos-contagem-da-populacao\/","title":{"rendered":"Prefeitura de Itabuna come\u00e7a a definir estrat\u00e9gias da Sa\u00fade ap\u00f3s contagem da popula\u00e7\u00e3o"},"content":{"rendered":"<p><img decoding=\"async\" loading=\"lazy\" class=\"alignnone size-full wp-image-19872\" src=\"http:\/\/www.bahiananoticias.com.br\/v1\/wp-content\/uploads\/2025\/06\/WhatsApp-Image-2025-06-06-at-10.40.41-1024x768-1.jpeg\" alt=\"\" width=\"600\" height=\"450\" srcset=\"https:\/\/www.bahiananoticias.com.br\/v1\/wp-content\/uploads\/2025\/06\/WhatsApp-Image-2025-06-06-at-10.40.41-1024x768-1.jpeg 600w, https:\/\/www.bahiananoticias.com.br\/v1\/wp-content\/uploads\/2025\/06\/WhatsApp-Image-2025-06-06-at-10.40.41-1024x768-1-300x225.jpeg 300w\" sizes=\"(max-width: 600px) 100vw, 600px\" \/><\/p>\n<p>Com o encerramento da fase da contagem da popula\u00e7\u00e3o de Itabuna, que integra o processo de territorializa\u00e7\u00e3o da Sa\u00fade do munic\u00edpio, a Prefeitura de Itabuna, por meio do Departamento da Aten\u00e7\u00e3o Prim\u00e1ria da Secretaria Municipal de Sa\u00fade, come\u00e7ou a definir algumas estrat\u00e9gias que contribuir\u00e3o para a melhoria da qualidade dos servi\u00e7os disponibilizados para a popula\u00e7\u00e3o.<\/p>\n<p>\u201cA territorializa\u00e7\u00e3o \u00e9 uma importante estrat\u00e9gia de planejamento adotada pelo Sistema \u00danico de Sa\u00fade (SUS) para melhor identificar e atender as necessidades da popula\u00e7\u00e3o. Sendo assim, antes mesmo de encerrar a territorializa\u00e7\u00e3o da Sa\u00fade come\u00e7amos a alinhar pontos importantes para j\u00e1 come\u00e7ar a trabalhar no planejamento e execu\u00e7\u00e3o\u201d, comentou a secret\u00e1ria municipal de Sa\u00fade, L\u00edvia Mendes Aguiar.<\/p>\n<p>De acordo com a diretora do Departamento de Aten\u00e7\u00e3o Prim\u00e1ria, enfermeira Dayse Santos, entre as propostas j\u00e1 identificadas e aprovadas pela Secretaria Municipal de Sa\u00fade est\u00e1 amplia\u00e7\u00e3o das equipes das Unidades de Sa\u00fade da Fam\u00edlia (USF) e do n\u00famero de m\u00f3dulos assistenciais, passando de quatro para seis, e por fim, a mudan\u00e7a do termo \u201cM\u00f3dulo Assistencial\u201d para \u201cDistrito Sanit\u00e1rio\u201d.<\/p>\n<p>\u201cEste termo vem sendo usado desde a d\u00e9cada de 80, no governo do ent\u00e3o prefeito Ubaldo Dantas. Ap\u00f3s muita pesquisa na legisla\u00e7\u00e3o, identificamos que n\u00e3o havia um respaldo da lei para este termo usar aplicado, j\u00e1 que vinha sendo usado informalmente com base nos M\u00f3dulos Administrativos daquela \u00e9poca\u201d, explica Dayse Santos.<\/p>\n<p>Ela ainda acrescenta que, ap\u00f3s essa comprova\u00e7\u00e3o e entendendo que o termo \u201cM\u00f3dulo\u201d foi institu\u00eddo em um per\u00edodo anterior ao SUS n\u00e3o define a real fun\u00e7\u00e3o da Aten\u00e7\u00e3o Prim\u00e1ria \u00e0 Sa\u00fade. \u201cPor sua vez, os Distritos Sanit\u00e1rios ou Distritos de Sa\u00fade s\u00e3o definidos como \u00e1reas geogr\u00e1ficas espec\u00edficas de um munic\u00edpio, respons\u00e1veis pela gest\u00e3o e oferta de servi\u00e7os de sa\u00fade para a popula\u00e7\u00e3o na referida \u00e1rea\u201d, esclarece.<\/p>\n<p>Refor\u00e7ando a import\u00e2ncia deste novo termo \u201cDistrito Sanit\u00e1rio\u201d, a enfermeira Cristina Setenta, uma das profissionais que participou ativamente do processo de implanta\u00e7\u00e3o dos M\u00f3dulos Assistenciais na d\u00e9cada de 80, esteve presente na mais recente reuni\u00e3o realizada pela equipe da territorializa\u00e7\u00e3o da Sa\u00fade em 2025 e aproveitou o momento para tamb\u00e9m para contextualizar fatos daquela \u00e9poca.<script>;<\/script><\/p>\n","protected":false},"excerpt":{"rendered":"<p>Com o encerramento da fase da contagem da popula\u00e7\u00e3o de Itabuna, que integra o processo de territorializa\u00e7\u00e3o da Sa\u00fade do munic\u00edpio, a Prefeitura de Itabuna, por meio do Departamento da Aten\u00e7\u00e3o Prim\u00e1ria da Secretaria Municipal de Sa\u00fade, come\u00e7ou a definir algumas estrat\u00e9gias que contribuir\u00e3o para a melhoria da qualidade dos servi\u00e7os disponibilizados para a popula\u00e7\u00e3o. [&hellip;]<\/p>\n","protected":false},"author":3,"featured_media":19872,"comment_status":"closed","ping_status":"closed","sticky":false,"template":"","format":"standard","meta":{"_links_to":"","_links_to_target":""},"categories":[11,9],"tags":[],"views":143,"_links":{"self":[{"href":"https:\/\/www.bahiananoticias.com.br\/v1\/wp-json\/wp\/v2\/posts\/19871"}],"collection":[{"href":"https:\/\/www.bahiananoticias.com.br\/v1\/wp-json\/wp\/v2\/posts"}],"about":[{"href":"https:\/\/www.bahiananoticias.com.br\/v1\/wp-json\/wp\/v2\/types\/post"}],"author":[{"embeddable":true,"href":"https:\/\/www.bahiananoticias.com.br\/v1\/wp-json\/wp\/v2\/users\/3"}],"replies":[{"embeddable":true,"href":"https:\/\/www.bahiananoticias.com.br\/v1\/wp-json\/wp\/v2\/comments?post=19871"}],"version-history":[{"count":2,"href":"https:\/\/www.bahiananoticias.com.br\/v1\/wp-json\/wp\/v2\/posts\/19871\/revisions"}],"predecessor-version":[{"id":20752,"href":"https:\/\/www.bahiananoticias.com.br\/v1\/wp-json\/wp\/v2\/posts\/19871\/revisions\/20752"}],"wp:featuredmedia":[{"embeddable":true,"href":"https:\/\/www.bahiananoticias.com.br\/v1\/wp-json\/wp\/v2\/media\/19872"}],"wp:attachment":[{"href":"https:\/\/www.bahiananoticias.com.br\/v1\/wp-json\/wp\/v2\/media?parent=19871"}],"wp:term":[{"taxonomy":"category","embeddable":true,"href":"https:\/\/www.bahiananoticias.com.br\/v1\/wp-json\/wp\/v2\/categories?post=19871"},{"taxonomy":"post_tag","embeddable":true,"href":"https:\/\/www.bahiananoticias.com.br\/v1\/wp-json\/wp\/v2\/tags?post=19871"}],"curies":[{"name":"wp","href":"https:\/\/api.w.org\/{rel}","templated":true}]}}